{"id":1006,"date":"2020-04-07T10:43:58","date_gmt":"2020-04-07T13:43:58","guid":{"rendered":"http:\/\/www.merionline.com.br\/noticias\/?p=1006"},"modified":"2020-04-07T11:15:34","modified_gmt":"2020-04-07T14:15:34","slug":"vereador-de-meridiano-pede-reducao-de-salarios-de-prefeito-vice-e-vereadores","status":"publish","type":"post","link":"https:\/\/www.merionline.com.br\/noticias\/vereador-de-meridiano-pede-reducao-de-salarios-de-prefeito-vice-e-vereadores\/","title":{"rendered":"URGENTE: Vereador de Meridiano pede redu\u00e7\u00e3o de sal\u00e1rios de prefeito, vice e vereadores"},"content":{"rendered":"<p>Vereador emite um requerimento solicitando a elabora\u00e7\u00e3o de projeto de Lei que reduza os sal\u00e1rios dos agentes pol\u00edticos no patamar de 25%.<\/p>\n<p>Segundo o vereador, este porcentual foi sugerido para usar na assist\u00eancia social e na sa\u00fade no munic\u00edpio, entre aquisi\u00e7\u00e3o de luvas, m\u00e1scaras e outros equipamentos de prote\u00e7\u00e3o individual e\/ou auxilio alimenta\u00e7\u00e3o das fam\u00edlias carentes que est\u00e3o vulner\u00e1veis nesta pandemia.<\/p>\n<p><strong>O vereador fez as principais considera\u00e7\u00f5es para justificar<\/strong><\/p>\n<p><em>&#8220;Considerando, os procedimentos tempor\u00e1rios para fins de preven\u00e7\u00e3o \u00e0 infec\u00e7\u00e3o e a propaga\u00e7\u00e3o do v\u00edrus COVID-19 no \u00e2mbito do Munic\u00edpio de Meridiano&#8221;<\/em><\/p>\n<p><em>&#8220;Considerando, a necessidade imprescind\u00edvel de medidas de austeridade para a manuten\u00e7\u00e3o do equil\u00edbrio financeiro no ano de 2020&#8221;<\/em><\/p>\n<p><em>&#8220;Considerando, a evidente tend\u00eancia de que da atividade econ\u00f4mica e da arrecada\u00e7\u00e3o municipal, em decorr\u00eancia das restri\u00e7\u00f5es impostas para conter o avan\u00e7o da pandemia do Covid-19&#8221;<\/em><\/p>\n<p><em>&#8220;Considerando, que \u00e9 dever do homem p\u00fablico, nos momentos de austeridade das o exemplo para que seus cidad\u00e3os se sintam representados efetivamente e, que os parlamentares devem canalizar recursos para custear o combate ao COVID-19 no munic\u00edpio&#8221;<\/em><\/p>\n<p><span style=\"color: #999999;\">(mat\u00e9ria continua depois da publicidade)<\/span><\/p>\n<figure id=\"attachment_914\" aria-describedby=\"caption-attachment-914\" style=\"width: 474px\" class=\"wp-caption aligncenter\"><img loading=\"lazy\" decoding=\"async\" class=\"size-full wp-image-914\" src=\"https:\/\/www.merionline.com.br\/noticias\/wp-content\/uploads\/2020\/03\/WhatsApp-Image-2020-03-17-at-18.39.59-3.jpeg\" alt=\"\" width=\"474\" height=\"381\" srcset=\"https:\/\/www.merionline.com.br\/noticias\/wp-content\/uploads\/2020\/03\/WhatsApp-Image-2020-03-17-at-18.39.59-3.jpeg 474w, https:\/\/www.merionline.com.br\/noticias\/wp-content\/uploads\/2020\/03\/WhatsApp-Image-2020-03-17-at-18.39.59-3-300x241.jpeg 300w\" sizes=\"(max-width: 474px) 100vw, 474px\" \/><figcaption id=\"caption-attachment-914\" class=\"wp-caption-text\">PUBLICIDADE &#8211; ANUNCIE AQUI<\/figcaption><\/figure>\n<p>Caso esta medida entre em vigor, a cidade ir\u00e1 economizar aproximadamente cerca de R$ 15.000,00 (quinze mil reais por m\u00eas), e aproximadamente R$ 180.000,00 (cento e oitenta mil por ano), sendo considerado um valor significativo para as a\u00e7\u00f5es que o atual cen\u00e1rio do Pa\u00eds vem passando.<\/p>\n<p>O requerimento foi protocolado hoje, (7) na C\u00e2mara Municipal de Meridiano, cabe agora ao presidente em exerc\u00edcio, o Sr\u00ba Jo\u00e3o Binhardi, seguir com os tramites legais.<\/p>\n","protected":false},"excerpt":{"rendered":"<p>Vereador emite um requerimento solicitando a elabora\u00e7\u00e3o de projeto de Lei que reduza os sal\u00e1rios dos agentes pol\u00edticos no patamar de 25%. Segundo o vereador, este porcentual foi sugerido para usar na assist\u00eancia social e na sa\u00fade no munic\u00edpio, entre aquisi\u00e7\u00e3o de luvas, m\u00e1scaras e outros equipamentos de prote\u00e7\u00e3o individual e\/ou auxilio alimenta\u00e7\u00e3o das fam\u00edlias [&hellip;]<\/p>\n","protected":false},"author":1,"featured_media":1010,"comment_status":"open","ping_status":"open","sticky":false,"template":"","format":"standard","meta":{"footnotes":""},"categories":[3,6],"tags":[],"_links":{"self":[{"href":"https:\/\/www.merionline.com.br\/noticias\/wp-json\/wp\/v2\/posts\/1006"}],"collection":[{"href":"https:\/\/www.merionline.com.br\/noticias\/wp-json\/wp\/v2\/posts"}],"about":[{"href":"https:\/\/www.merionline.com.br\/noticias\/wp-json\/wp\/v2\/types\/post"}],"author":[{"embeddable":true,"href":"https:\/\/www.merionline.com.br\/noticias\/wp-json\/wp\/v2\/users\/1"}],"replies":[{"embeddable":true,"href":"https:\/\/www.merionline.com.br\/noticias\/wp-json\/wp\/v2\/comments?post=1006"}],"version-history":[{"count":6,"href":"https:\/\/www.merionline.com.br\/noticias\/wp-json\/wp\/v2\/posts\/1006\/revisions"}],"predecessor-version":[{"id":1013,"href":"https:\/\/www.merionline.com.br\/noticias\/wp-json\/wp\/v2\/posts\/1006\/revisions\/1013"}],"wp:featuredmedia":[{"embeddable":true,"href":"https:\/\/www.merionline.com.br\/noticias\/wp-json\/wp\/v2\/media\/1010"}],"wp:attachment":[{"href":"https:\/\/www.merionline.com.br\/noticias\/wp-json\/wp\/v2\/media?parent=1006"}],"wp:term":[{"taxonomy":"category","embeddable":true,"href":"https:\/\/www.merionline.com.br\/noticias\/wp-json\/wp\/v2\/categories?post=1006"},{"taxonomy":"post_tag","embeddable":true,"href":"https:\/\/www.merionline.com.br\/noticias\/wp-json\/wp\/v2\/tags?post=1006"}],"curies":[{"name":"wp","href":"https:\/\/api.w.org\/{rel}","templated":true}]}}