{"id":1014,"date":"2020-04-08T09:04:26","date_gmt":"2020-04-08T12:04:26","guid":{"rendered":"http:\/\/www.merionline.com.br\/noticias\/?p=1014"},"modified":"2020-04-08T09:04:56","modified_gmt":"2020-04-08T12:04:56","slug":"provas-do-concurso-publico-001-2020-de-meridiano-foram-suspensas","status":"publish","type":"post","link":"https:\/\/www.merionline.com.br\/noticias\/provas-do-concurso-publico-001-2020-de-meridiano-foram-suspensas\/","title":{"rendered":"Provas do concurso p\u00fablico 001\/2020 de Meridiano foram suspensas"},"content":{"rendered":"<p>Prefeitura de Meridiano divulgou uma nota hoje, (8) cancelando a prova que estava marcada para o pr\u00f3ximo dia 19\/04 e n\u00e3o tem uma nova data marcada.<\/p>\n<p><strong>Segue nota<\/strong><\/p>\n<p><em>Em face de delibera\u00e7\u00e3o do Munic\u00edpio de Meridiano, considerando as medidas nacionais visando a conten\u00e7\u00e3o da prolifera\u00e7\u00e3o do CONVID-19, as provas objetivas que seriam realizadas no dia 19 de abril e as provas pr\u00e1ticas que seria realizado no dia 17 de abril ficam suspensas at\u00e9 segunda ordem.<\/em><\/p>\n<p><em>As novas datas das provas ser\u00e3o marcadas assim que a situa\u00e7\u00e3o for normalizadas.<\/em><\/p>\n<p><a href=\"https:\/\/scontent.fsjp2-1.fna.fbcdn.net\/v\/t1.0-9\/s960x960\/92984659_809209479571977_3463185611421122560_o.jpg?_nc_cat=107&amp;_nc_sid=8024bb&amp;_nc_ohc=8iiR9dJYaJIAX8LVPkj&amp;_nc_ht=scontent.fsjp2-1.fna&amp;_nc_tp=7&amp;oh=dce4be3cb483d9bfcab5a699109a08fa&amp;oe=5EB2DF35\">Baixar comunicado<\/a><\/p>\n<figure id=\"attachment_951\" aria-describedby=\"caption-attachment-951\" style=\"width: 720px\" class=\"wp-caption aligncenter\"><img loading=\"lazy\" decoding=\"async\" class=\"size-full wp-image-951\" src=\"https:\/\/www.merionline.com.br\/noticias\/wp-content\/uploads\/2020\/03\/WhatsApp-Image-2020-03-19-at-14.42.09.jpeg\" alt=\"\" width=\"720\" height=\"720\" srcset=\"https:\/\/www.merionline.com.br\/noticias\/wp-content\/uploads\/2020\/03\/WhatsApp-Image-2020-03-19-at-14.42.09.jpeg 720w, https:\/\/www.merionline.com.br\/noticias\/wp-content\/uploads\/2020\/03\/WhatsApp-Image-2020-03-19-at-14.42.09-300x300.jpeg 300w, https:\/\/www.merionline.com.br\/noticias\/wp-content\/uploads\/2020\/03\/WhatsApp-Image-2020-03-19-at-14.42.09-150x150.jpeg 150w\" sizes=\"(max-width: 720px) 100vw, 720px\" \/><figcaption id=\"caption-attachment-951\" class=\"wp-caption-text\">PUBLICIDADE &#8211; ANUNCIE AQUI<\/figcaption><\/figure>\n","protected":false},"excerpt":{"rendered":"<p>Prefeitura de Meridiano divulgou uma nota hoje, (8) cancelando a prova que estava marcada para o pr\u00f3ximo dia 19\/04 e n\u00e3o tem uma nova data marcada. Segue nota Em face de delibera\u00e7\u00e3o do Munic\u00edpio de Meridiano, considerando as medidas nacionais visando a conten\u00e7\u00e3o da prolifera\u00e7\u00e3o do CONVID-19, as provas objetivas que seriam realizadas no dia [&hellip;]<\/p>\n","protected":false},"author":1,"featured_media":1015,"comment_status":"open","ping_status":"open","sticky":false,"template":"","format":"standard","meta":{"footnotes":""},"categories":[3,6],"tags":[],"_links":{"self":[{"href":"https:\/\/www.merionline.com.br\/noticias\/wp-json\/wp\/v2\/posts\/1014"}],"collection":[{"href":"https:\/\/www.merionline.com.br\/noticias\/wp-json\/wp\/v2\/posts"}],"about":[{"href":"https:\/\/www.merionline.com.br\/noticias\/wp-json\/wp\/v2\/types\/post"}],"author":[{"embeddable":true,"href":"https:\/\/www.merionline.com.br\/noticias\/wp-json\/wp\/v2\/users\/1"}],"replies":[{"embeddable":true,"href":"https:\/\/www.merionline.com.br\/noticias\/wp-json\/wp\/v2\/comments?post=1014"}],"version-history":[{"count":2,"href":"https:\/\/www.merionline.com.br\/noticias\/wp-json\/wp\/v2\/posts\/1014\/revisions"}],"predecessor-version":[{"id":1017,"href":"https:\/\/www.merionline.com.br\/noticias\/wp-json\/wp\/v2\/posts\/1014\/revisions\/1017"}],"wp:featuredmedia":[{"embeddable":true,"href":"https:\/\/www.merionline.com.br\/noticias\/wp-json\/wp\/v2\/media\/1015"}],"wp:attachment":[{"href":"https:\/\/www.merionline.com.br\/noticias\/wp-json\/wp\/v2\/media?parent=1014"}],"wp:term":[{"taxonomy":"category","embeddable":true,"href":"https:\/\/www.merionline.com.br\/noticias\/wp-json\/wp\/v2\/categories?post=1014"},{"taxonomy":"post_tag","embeddable":true,"href":"https:\/\/www.merionline.com.br\/noticias\/wp-json\/wp\/v2\/tags?post=1014"}],"curies":[{"name":"wp","href":"https:\/\/api.w.org\/{rel}","templated":true}]}}