{"id":1021,"date":"2020-04-21T21:54:57","date_gmt":"2020-04-22T00:54:57","guid":{"rendered":"http:\/\/www.merionline.com.br\/noticias\/?p=1021"},"modified":"2020-04-22T10:42:48","modified_gmt":"2020-04-22T13:42:48","slug":"agua-verde-na-piscina-publica-de-meridiano-assusta-moradores","status":"publish","type":"post","link":"https:\/\/www.merionline.com.br\/noticias\/agua-verde-na-piscina-publica-de-meridiano-assusta-moradores\/","title":{"rendered":"\u00c1gua verde na Piscina p\u00fablica de Meridiano causa indigna\u00e7\u00e3o"},"content":{"rendered":"<p>Morador de Meridiano faz fotos da piscina p\u00fablica com \u00e1gua esverdeada e posta no facebook\u00a0 causando indigna\u00e7\u00e3o em alguns moradores. Nas fotos \u00e9 poss\u00edvel ver a \u00e1gua com tom verde e\u00a0 aparentemente sem tratamento algum, n\u00e3o demorou muito e dezenas de coment\u00e1rios tomou conta sobre o assunto. A limpeza e tratamento da piscina \u00e9 feita por uma empresa local.<\/p>\n<p>Estivemos no local hoje pela manh\u00e3 (22) e de fato a \u00e1gua estava com tom &#8220;esverdeado&#8221;, isso ocorre pela falta de produtos, como cloro, Algicida choque, clarificante entre outros produtos de limpeza, tamb\u00e9m constatamos que &#8220;n\u00e3o&#8221; havia larvas do mosquito da dengue, apenas a cor da \u00e1gua estava alterada n\u00e3o causando danos maiores.<\/p>\n<figure id=\"attachment_1041\" aria-describedby=\"caption-attachment-1041\" style=\"width: 520px\" class=\"wp-caption aligncenter\"><img loading=\"lazy\" decoding=\"async\" class=\"size-full wp-image-1041\" src=\"https:\/\/www.merionline.com.br\/noticias\/wp-content\/uploads\/2020\/04\/clube-meri-2.fw_.png\" alt=\"\" width=\"520\" height=\"295\" srcset=\"https:\/\/www.merionline.com.br\/noticias\/wp-content\/uploads\/2020\/04\/clube-meri-2.fw_.png 520w, https:\/\/www.merionline.com.br\/noticias\/wp-content\/uploads\/2020\/04\/clube-meri-2.fw_-300x170.png 300w\" sizes=\"(max-width: 520px) 100vw, 520px\" \/><figcaption id=\"caption-attachment-1041\" class=\"wp-caption-text\">Piscina P\u00fablica<\/figcaption><\/figure>\n<p>O clube da cidade foi fundado em 1985 pelo ent\u00e3o prefeito da \u00e9poca &#8220;Irceu Fagundes&#8221;, desde ent\u00e3o \u00e9 um dos poucos locais de lazer que a popula\u00e7\u00e3o da cidade tem. O clube possui 2 piscinas, uma grande medindo aproximadamente 25 metros e uma pequena medindo aproximadamente 5 metros.<\/p>\n<figure id=\"attachment_1030\" aria-describedby=\"caption-attachment-1030\" style=\"width: 1024px\" class=\"wp-caption aligncenter\"><img loading=\"lazy\" decoding=\"async\" class=\"size-large wp-image-1030\" src=\"https:\/\/www.merionline.com.br\/noticias\/wp-content\/uploads\/2020\/04\/WhatsApp-Image-2020-04-21-at-22.09.45-1024x576.jpeg\" alt=\"\" width=\"1024\" height=\"576\" srcset=\"https:\/\/www.merionline.com.br\/noticias\/wp-content\/uploads\/2020\/04\/WhatsApp-Image-2020-04-21-at-22.09.45-1024x576.jpeg 1024w, https:\/\/www.merionline.com.br\/noticias\/wp-content\/uploads\/2020\/04\/WhatsApp-Image-2020-04-21-at-22.09.45-300x169.jpeg 300w, https:\/\/www.merionline.com.br\/noticias\/wp-content\/uploads\/2020\/04\/WhatsApp-Image-2020-04-21-at-22.09.45-768x432.jpeg 768w, https:\/\/www.merionline.com.br\/noticias\/wp-content\/uploads\/2020\/04\/WhatsApp-Image-2020-04-21-at-22.09.45.jpeg 1165w\" sizes=\"(max-width: 1024px) 100vw, 1024px\" \/><figcaption id=\"caption-attachment-1030\" class=\"wp-caption-text\">Constru\u00edda a mais de 35 anos<\/figcaption><\/figure>\n<p><strong>Em resposta<\/strong><\/p>\n<p>Em nota, a prefeitura de Meridiano, informou que estes produtos s\u00e3o comprados atrav\u00e9s de licita\u00e7\u00e3o, que inclusive j\u00e1 foi feita no dia 15 deste m\u00eas. Duas empresas ganharam a licita\u00e7\u00e3o e ser\u00e3o respons\u00e1veis pela entrega dos produtos, sendo uma o cloro e a outra para algicida, choque, controle de Ph entre outros produtos necess\u00e1rios para manuten\u00e7\u00e3o das piscinas. A prefeitura ainda informou, que no m\u00eas passado teve outra licita\u00e7\u00e3o, mas uma empresa de Santa Catarina impugnou a licita\u00e7\u00e3o causando o atraso na obten\u00e7\u00e3o dos produtos.<\/p>\n<p>As empresas vencedoras ter\u00e3o um prazo para come\u00e7ar a entregar os itens mencionados na licita\u00e7\u00e3o, enquanto isso, a prefeitura ir\u00e1 comprar os produtos necess\u00e1rios para solucionar a situa\u00e7\u00e3o e dar tempo da empresa vencedora come\u00e7ar a fornecer.<\/p>\n<p>A prefeitura tamb\u00e9m informou que ainda est\u00e1 semana a piscina estar\u00e1 apta para uso.<\/p>\n<figure id=\"attachment_914\" aria-describedby=\"caption-attachment-914\" style=\"width: 474px\" class=\"wp-caption aligncenter\"><img loading=\"lazy\" decoding=\"async\" class=\"size-full wp-image-914\" src=\"https:\/\/www.merionline.com.br\/noticias\/wp-content\/uploads\/2020\/03\/WhatsApp-Image-2020-03-17-at-18.39.59-3.jpeg\" alt=\"\" width=\"474\" height=\"381\" srcset=\"https:\/\/www.merionline.com.br\/noticias\/wp-content\/uploads\/2020\/03\/WhatsApp-Image-2020-03-17-at-18.39.59-3.jpeg 474w, https:\/\/www.merionline.com.br\/noticias\/wp-content\/uploads\/2020\/03\/WhatsApp-Image-2020-03-17-at-18.39.59-3-300x241.jpeg 300w\" sizes=\"(max-width: 474px) 100vw, 474px\" \/><figcaption id=\"caption-attachment-914\" class=\"wp-caption-text\">PUBLICIDADE &#8211; ANUNCIE AQUI<\/figcaption><\/figure>\n<figure id=\"attachment_951\" aria-describedby=\"caption-attachment-951\" style=\"width: 720px\" class=\"wp-caption aligncenter\"><img loading=\"lazy\" decoding=\"async\" class=\"size-full wp-image-951\" src=\"https:\/\/www.merionline.com.br\/noticias\/wp-content\/uploads\/2020\/03\/WhatsApp-Image-2020-03-19-at-14.42.09.jpeg\" alt=\"\" width=\"720\" height=\"720\" srcset=\"https:\/\/www.merionline.com.br\/noticias\/wp-content\/uploads\/2020\/03\/WhatsApp-Image-2020-03-19-at-14.42.09.jpeg 720w, https:\/\/www.merionline.com.br\/noticias\/wp-content\/uploads\/2020\/03\/WhatsApp-Image-2020-03-19-at-14.42.09-300x300.jpeg 300w, https:\/\/www.merionline.com.br\/noticias\/wp-content\/uploads\/2020\/03\/WhatsApp-Image-2020-03-19-at-14.42.09-150x150.jpeg 150w\" sizes=\"(max-width: 720px) 100vw, 720px\" \/><figcaption id=\"caption-attachment-951\" class=\"wp-caption-text\">PUBLICIDADE &#8211; ANUNCIE AQUI<\/figcaption><\/figure>\n","protected":false},"excerpt":{"rendered":"<p>Morador de Meridiano faz fotos da piscina p\u00fablica com \u00e1gua esverdeada e posta no facebook\u00a0 causando indigna\u00e7\u00e3o em alguns moradores. Nas fotos \u00e9 poss\u00edvel ver a \u00e1gua com tom verde e\u00a0 aparentemente sem tratamento algum, n\u00e3o demorou muito e dezenas de coment\u00e1rios tomou conta sobre o assunto. A limpeza e tratamento da piscina \u00e9 feita [&hellip;]<\/p>\n","protected":false},"author":1,"featured_media":1040,"comment_status":"open","ping_status":"open","sticky":false,"template":"","format":"standard","meta":{"footnotes":""},"categories":[3,6],"tags":[],"_links":{"self":[{"href":"https:\/\/www.merionline.com.br\/noticias\/wp-json\/wp\/v2\/posts\/1021"}],"collection":[{"href":"https:\/\/www.merionline.com.br\/noticias\/wp-json\/wp\/v2\/posts"}],"about":[{"href":"https:\/\/www.merionline.com.br\/noticias\/wp-json\/wp\/v2\/types\/post"}],"author":[{"embeddable":true,"href":"https:\/\/www.merionline.com.br\/noticias\/wp-json\/wp\/v2\/users\/1"}],"replies":[{"embeddable":true,"href":"https:\/\/www.merionline.com.br\/noticias\/wp-json\/wp\/v2\/comments?post=1021"}],"version-history":[{"count":21,"href":"https:\/\/www.merionline.com.br\/noticias\/wp-json\/wp\/v2\/posts\/1021\/revisions"}],"predecessor-version":[{"id":1046,"href":"https:\/\/www.merionline.com.br\/noticias\/wp-json\/wp\/v2\/posts\/1021\/revisions\/1046"}],"wp:featuredmedia":[{"embeddable":true,"href":"https:\/\/www.merionline.com.br\/noticias\/wp-json\/wp\/v2\/media\/1040"}],"wp:attachment":[{"href":"https:\/\/www.merionline.com.br\/noticias\/wp-json\/wp\/v2\/media?parent=1021"}],"wp:term":[{"taxonomy":"category","embeddable":true,"href":"https:\/\/www.merionline.com.br\/noticias\/wp-json\/wp\/v2\/categories?post=1021"},{"taxonomy":"post_tag","embeddable":true,"href":"https:\/\/www.merionline.com.br\/noticias\/wp-json\/wp\/v2\/tags?post=1021"}],"curies":[{"name":"wp","href":"https:\/\/api.w.org\/{rel}","templated":true}]}}