{"id":1048,"date":"2020-05-07T16:35:39","date_gmt":"2020-05-07T19:35:39","guid":{"rendered":"http:\/\/www.merionline.com.br\/noticias\/?p=1048"},"modified":"2020-05-07T16:35:39","modified_gmt":"2020-05-07T19:35:39","slug":"meridiano-registra-primeiro-caso-positivo-de-covid-19","status":"publish","type":"post","link":"https:\/\/www.merionline.com.br\/noticias\/meridiano-registra-primeiro-caso-positivo-de-covid-19\/","title":{"rendered":"Meridiano registra primeiro caso positivo de Covid-19"},"content":{"rendered":"<p>A Prefeitura de Meridiano, por meio da Secretaria Municipal de Sa\u00fade, confirmou na tarde desta quinta-feira, 7, o primeiro caso positivo de Covid-19 no munic\u00edpio. Trata-se de um homem, que n\u00e3o teve a identidade revelada, e voltou ao munic\u00edpio ap\u00f3s recente viagem a S\u00e3o Paulo.<\/p>\n<p>De acordo com a Secretaria de Sa\u00fade, o paciente, que realizou o teste r\u00e1pido na UBS de Meridiano, ao sentir os primeiros sintomas da doen\u00e7a, est\u00e1 bem e em isolamento domiciliar.<\/p>\n<p>A Secretaria ainda informou que o paciente est\u00e1 tendo todo atendimento necess\u00e1rio, cuidados m\u00e9dicos e acompanhamento pela equipe de Sa\u00fade.<\/p>\n<figure id=\"attachment_914\" aria-describedby=\"caption-attachment-914\" style=\"width: 474px\" class=\"wp-caption aligncenter\"><img loading=\"lazy\" decoding=\"async\" class=\"size-full wp-image-914\" src=\"https:\/\/www.merionline.com.br\/noticias\/wp-content\/uploads\/2020\/03\/WhatsApp-Image-2020-03-17-at-18.39.59-3.jpeg\" alt=\"\" width=\"474\" height=\"381\" srcset=\"https:\/\/www.merionline.com.br\/noticias\/wp-content\/uploads\/2020\/03\/WhatsApp-Image-2020-03-17-at-18.39.59-3.jpeg 474w, https:\/\/www.merionline.com.br\/noticias\/wp-content\/uploads\/2020\/03\/WhatsApp-Image-2020-03-17-at-18.39.59-3-300x241.jpeg 300w\" sizes=\"(max-width: 474px) 100vw, 474px\" \/><figcaption id=\"caption-attachment-914\" class=\"wp-caption-text\">PUBLICIDADE &#8211; ANUNCIE AQUI<\/figcaption><\/figure>\n<p>Segundo apurou a reportagem, em Meridiano, nenhum familiar do paciente apresentou os sintomas do coronav\u00edrus, exceto o filho, que mora em S\u00e3o Paulo, com quem o paciente teve contato.<\/p>\n","protected":false},"excerpt":{"rendered":"<p>A Prefeitura de Meridiano, por meio da Secretaria Municipal de Sa\u00fade, confirmou na tarde desta quinta-feira, 7, o primeiro caso positivo de Covid-19 no munic\u00edpio. Trata-se de um homem, que n\u00e3o teve a identidade revelada, e voltou ao munic\u00edpio ap\u00f3s recente viagem a S\u00e3o Paulo. De acordo com a Secretaria de Sa\u00fade, o paciente, que [&hellip;]<\/p>\n","protected":false},"author":1,"featured_media":991,"comment_status":"open","ping_status":"open","sticky":false,"template":"","format":"standard","meta":{"footnotes":""},"categories":[3,6],"tags":[],"_links":{"self":[{"href":"https:\/\/www.merionline.com.br\/noticias\/wp-json\/wp\/v2\/posts\/1048"}],"collection":[{"href":"https:\/\/www.merionline.com.br\/noticias\/wp-json\/wp\/v2\/posts"}],"about":[{"href":"https:\/\/www.merionline.com.br\/noticias\/wp-json\/wp\/v2\/types\/post"}],"author":[{"embeddable":true,"href":"https:\/\/www.merionline.com.br\/noticias\/wp-json\/wp\/v2\/users\/1"}],"replies":[{"embeddable":true,"href":"https:\/\/www.merionline.com.br\/noticias\/wp-json\/wp\/v2\/comments?post=1048"}],"version-history":[{"count":1,"href":"https:\/\/www.merionline.com.br\/noticias\/wp-json\/wp\/v2\/posts\/1048\/revisions"}],"predecessor-version":[{"id":1049,"href":"https:\/\/www.merionline.com.br\/noticias\/wp-json\/wp\/v2\/posts\/1048\/revisions\/1049"}],"wp:featuredmedia":[{"embeddable":true,"href":"https:\/\/www.merionline.com.br\/noticias\/wp-json\/wp\/v2\/media\/991"}],"wp:attachment":[{"href":"https:\/\/www.merionline.com.br\/noticias\/wp-json\/wp\/v2\/media?parent=1048"}],"wp:term":[{"taxonomy":"category","embeddable":true,"href":"https:\/\/www.merionline.com.br\/noticias\/wp-json\/wp\/v2\/categories?post=1048"},{"taxonomy":"post_tag","embeddable":true,"href":"https:\/\/www.merionline.com.br\/noticias\/wp-json\/wp\/v2\/tags?post=1048"}],"curies":[{"name":"wp","href":"https:\/\/api.w.org\/{rel}","templated":true}]}}