{"id":1062,"date":"2020-06-01T22:03:22","date_gmt":"2020-06-02T01:03:22","guid":{"rendered":"http:\/\/www.merionline.com.br\/noticias\/?p=1062"},"modified":"2020-06-01T22:33:32","modified_gmt":"2020-06-02T01:33:32","slug":"prefeito-de-meridiano-maicon-fabiano-e-o-novo-caso-suspeito-de-corona-virus-da-cidade","status":"publish","type":"post","link":"https:\/\/www.merionline.com.br\/noticias\/prefeito-de-meridiano-maicon-fabiano-e-o-novo-caso-suspeito-de-corona-virus-da-cidade\/","title":{"rendered":"Prefeito de Meridiano, Maicon Fabiano, \u00e9 o novo caso &#8220;suspeito&#8221; de Corona V\u00edrus da cidade"},"content":{"rendered":"<div class=\"_2cuy _3dgx\" data-block=\"true\" data-editor=\"82nt3\" data-offset-key=\"eb70d-0-0\">\n<div class=\"_1mf _1mj\" data-offset-key=\"eb70d-0-0\"><span data-offset-key=\"eb70d-0-0\">Maicon est\u00e1 de quarentena a partir de hoje a noite (1), est\u00e1 sendo acompanhado pela equipe de sa\u00fade e seguindo as orienta\u00e7\u00f5es necess\u00e1rias.<\/span><\/div>\n<div data-offset-key=\"eb70d-0-0\"><span style=\"text-transform: initial;\"><span style=\"text-transform: initial;\"><br \/>\nO Prefeito sentiu febre, dores no corpo e procurou orienta\u00e7\u00e3o na UBS da cidade, o material ser\u00e1 coletado para fazer o teste de Coronavirus.<\/p>\n<p><\/span><\/span><\/div>\n<\/div>\n<div class=\"_2cuy _3dgx\" data-block=\"true\" data-editor=\"82nt3\" data-offset-key=\"eh9o6-0-0\">\n<div class=\"_1mf _1mj\" data-offset-key=\"eh9o6-0-0\"><span data-offset-key=\"eh9o6-0-0\">O teste ficar\u00e1 pronto na pr\u00f3xima segunda feira, caso de negativo, ele sair\u00e1 da quarentena e da oberva\u00e7\u00e3o, por\u00e9m, se der positivo ele permanecer\u00e1 de quarentena at\u00e9 sua recupera\u00e7\u00e3o.<\/span><\/div>\n<div data-offset-key=\"eh9o6-0-0\">\n<figure id=\"attachment_914\" aria-describedby=\"caption-attachment-914\" style=\"width: 474px\" class=\"wp-caption aligncenter\"><img loading=\"lazy\" decoding=\"async\" class=\"size-full wp-image-914\" src=\"https:\/\/www.merionline.com.br\/noticias\/wp-content\/uploads\/2020\/03\/WhatsApp-Image-2020-03-17-at-18.39.59-3.jpeg\" alt=\"\" width=\"474\" height=\"381\" srcset=\"https:\/\/www.merionline.com.br\/noticias\/wp-content\/uploads\/2020\/03\/WhatsApp-Image-2020-03-17-at-18.39.59-3.jpeg 474w, https:\/\/www.merionline.com.br\/noticias\/wp-content\/uploads\/2020\/03\/WhatsApp-Image-2020-03-17-at-18.39.59-3-300x241.jpeg 300w\" sizes=\"(max-width: 474px) 100vw, 474px\" \/><figcaption id=\"caption-attachment-914\" class=\"wp-caption-text\">PUBLICIDADE &#8211; ANUNCIE AQUI<\/figcaption><\/figure>\n<\/div>\n<\/div>\n","protected":false},"excerpt":{"rendered":"<p>Maicon est\u00e1 de quarentena a partir de hoje a noite (1), est\u00e1 sendo acompanhado pela equipe de sa\u00fade e seguindo as orienta\u00e7\u00f5es necess\u00e1rias. O Prefeito sentiu febre, dores no corpo e procurou orienta\u00e7\u00e3o na UBS da cidade, o material ser\u00e1 coletado para fazer o teste de Coronavirus. O teste ficar\u00e1 pronto na pr\u00f3xima segunda feira, [&hellip;]<\/p>\n","protected":false},"author":1,"featured_media":680,"comment_status":"open","ping_status":"open","sticky":false,"template":"","format":"standard","meta":{"footnotes":""},"categories":[3,6],"tags":[],"_links":{"self":[{"href":"https:\/\/www.merionline.com.br\/noticias\/wp-json\/wp\/v2\/posts\/1062"}],"collection":[{"href":"https:\/\/www.merionline.com.br\/noticias\/wp-json\/wp\/v2\/posts"}],"about":[{"href":"https:\/\/www.merionline.com.br\/noticias\/wp-json\/wp\/v2\/types\/post"}],"author":[{"embeddable":true,"href":"https:\/\/www.merionline.com.br\/noticias\/wp-json\/wp\/v2\/users\/1"}],"replies":[{"embeddable":true,"href":"https:\/\/www.merionline.com.br\/noticias\/wp-json\/wp\/v2\/comments?post=1062"}],"version-history":[{"count":6,"href":"https:\/\/www.merionline.com.br\/noticias\/wp-json\/wp\/v2\/posts\/1062\/revisions"}],"predecessor-version":[{"id":1069,"href":"https:\/\/www.merionline.com.br\/noticias\/wp-json\/wp\/v2\/posts\/1062\/revisions\/1069"}],"wp:featuredmedia":[{"embeddable":true,"href":"https:\/\/www.merionline.com.br\/noticias\/wp-json\/wp\/v2\/media\/680"}],"wp:attachment":[{"href":"https:\/\/www.merionline.com.br\/noticias\/wp-json\/wp\/v2\/media?parent=1062"}],"wp:term":[{"taxonomy":"category","embeddable":true,"href":"https:\/\/www.merionline.com.br\/noticias\/wp-json\/wp\/v2\/categories?post=1062"},{"taxonomy":"post_tag","embeddable":true,"href":"https:\/\/www.merionline.com.br\/noticias\/wp-json\/wp\/v2\/tags?post=1062"}],"curies":[{"name":"wp","href":"https:\/\/api.w.org\/{rel}","templated":true}]}}