{"id":1107,"date":"2020-07-22T15:51:32","date_gmt":"2020-07-22T18:51:32","guid":{"rendered":"http:\/\/www.merionline.com.br\/noticias\/?p=1107"},"modified":"2020-07-22T16:22:03","modified_gmt":"2020-07-22T19:22:03","slug":"meridiano-e-uma-das-poucas-cidades-da-regiao-com-casos-de-covid-19-controladas","status":"publish","type":"post","link":"https:\/\/www.merionline.com.br\/noticias\/meridiano-e-uma-das-poucas-cidades-da-regiao-com-casos-de-covid-19-controladas\/","title":{"rendered":"Meridiano \u00e9 uma das poucas cidades da regi\u00e3o com casos de Covid-19 controladas"},"content":{"rendered":"<p>Meridiano est\u00e1 entre as cidades da regi\u00e3o com menos casos de Corona v\u00edrus. Cidades do mesmo porte est\u00e3o com mais de 40 casos positivos e muitos \u00f3bitos, enquanto Meridiano teve 13 casos positivos e 01 \u00f3bito at\u00e9 o momento.<\/p>\n<p>Na tarde de hoje, (22) a secretaria da sa\u00fade informou, que n\u00e3o teve novos casos positivos, embora est\u00e3o aguardando alguns resultados que devem chegar ainda est\u00e1 semana, os exames est\u00e3o demorando um pouco mais devido a demanda no Estado.<\/p>\n<p>Podemos observar que, Meridiano est\u00e1 fazendo seu papel, este resultado mostra a conscientiza\u00e7\u00e3o da popula\u00e7\u00e3o em se cuidar, mas tamb\u00e9m \u00e9 necess\u00e1rio parabenizar todo o setor da sa\u00fade da cidade, temos acompanhado um alto desempenho do secret\u00e1rio da sa\u00fade Alex Garcia, que vem atuando firme no combate ao v\u00edrus, um exemplo \u00e9 a cria\u00e7\u00e3o do centro de Covid-19 inaugurado a pouco tempo.<br \/>\n<span style=\"color: #999999;\"><em>(mat\u00e9ria cont\u00ednua ap\u00f3s publicidade)<\/em><\/span><\/p>\n<figure id=\"attachment_914\" aria-describedby=\"caption-attachment-914\" style=\"width: 474px\" class=\"wp-caption aligncenter\"><img loading=\"lazy\" decoding=\"async\" class=\"size-full wp-image-914\" src=\"https:\/\/www.merionline.com.br\/noticias\/wp-content\/uploads\/2020\/03\/WhatsApp-Image-2020-03-17-at-18.39.59-3.jpeg\" alt=\"\" width=\"474\" height=\"381\" srcset=\"https:\/\/www.merionline.com.br\/noticias\/wp-content\/uploads\/2020\/03\/WhatsApp-Image-2020-03-17-at-18.39.59-3.jpeg 474w, https:\/\/www.merionline.com.br\/noticias\/wp-content\/uploads\/2020\/03\/WhatsApp-Image-2020-03-17-at-18.39.59-3-300x241.jpeg 300w\" sizes=\"(max-width: 474px) 100vw, 474px\" \/><figcaption id=\"caption-attachment-914\" class=\"wp-caption-text\">PUBLICIDADE &#8211; ANUNCIE AQUI<\/figcaption><\/figure>\n<p>Mas n\u00e3o podemos relaxar, Meridiano est\u00e1 sim, entre as cidades com menos casos, e isso mostra a dedica\u00e7\u00e3o da popula\u00e7\u00e3o e os cuidados da vigil\u00e2ncia sanit\u00e1ria do munic\u00edpio.<\/p>\n<p><em><strong>Boletim atual:<\/strong><\/em><\/p>\n<p><span style=\"color: #0000ff;\"><strong>Casos Positivos:<\/strong> &#8230;13<\/span><br \/>\n<span style=\"color: #0000ff;\"><strong>Casos curados:<\/strong> &#8230;12<\/span><br \/>\n<span style=\"color: #0000ff;\"><strong>\u00d3bitos:<\/strong> &#8230;01<\/span><br \/>\n<span style=\"color: #0000ff;\"><strong>Em Monitoramento:<\/strong> &#8230;10<\/span><br \/>\n<span style=\"color: #0000ff;\"><strong>Aguardando resultados:<\/strong> &#8230;07<\/span><br \/>\n<span style=\"color: #0000ff;\"><strong>Negativos:<\/strong> &#8230;40<\/span><\/p>\n","protected":false},"excerpt":{"rendered":"<p>Meridiano est\u00e1 entre as cidades da regi\u00e3o com menos casos de Corona v\u00edrus. Cidades do mesmo porte est\u00e3o com mais de 40 casos positivos e muitos \u00f3bitos, enquanto Meridiano teve 13 casos positivos e 01 \u00f3bito at\u00e9 o momento. Na tarde de hoje, (22) a secretaria da sa\u00fade informou, que n\u00e3o teve novos casos positivos, [&hellip;]<\/p>\n","protected":false},"author":1,"featured_media":1078,"comment_status":"open","ping_status":"open","sticky":false,"template":"","format":"standard","meta":{"footnotes":""},"categories":[3,6],"tags":[],"_links":{"self":[{"href":"https:\/\/www.merionline.com.br\/noticias\/wp-json\/wp\/v2\/posts\/1107"}],"collection":[{"href":"https:\/\/www.merionline.com.br\/noticias\/wp-json\/wp\/v2\/posts"}],"about":[{"href":"https:\/\/www.merionline.com.br\/noticias\/wp-json\/wp\/v2\/types\/post"}],"author":[{"embeddable":true,"href":"https:\/\/www.merionline.com.br\/noticias\/wp-json\/wp\/v2\/users\/1"}],"replies":[{"embeddable":true,"href":"https:\/\/www.merionline.com.br\/noticias\/wp-json\/wp\/v2\/comments?post=1107"}],"version-history":[{"count":6,"href":"https:\/\/www.merionline.com.br\/noticias\/wp-json\/wp\/v2\/posts\/1107\/revisions"}],"predecessor-version":[{"id":1114,"href":"https:\/\/www.merionline.com.br\/noticias\/wp-json\/wp\/v2\/posts\/1107\/revisions\/1114"}],"wp:featuredmedia":[{"embeddable":true,"href":"https:\/\/www.merionline.com.br\/noticias\/wp-json\/wp\/v2\/media\/1078"}],"wp:attachment":[{"href":"https:\/\/www.merionline.com.br\/noticias\/wp-json\/wp\/v2\/media?parent=1107"}],"wp:term":[{"taxonomy":"category","embeddable":true,"href":"https:\/\/www.merionline.com.br\/noticias\/wp-json\/wp\/v2\/categories?post=1107"},{"taxonomy":"post_tag","embeddable":true,"href":"https:\/\/www.merionline.com.br\/noticias\/wp-json\/wp\/v2\/tags?post=1107"}],"curies":[{"name":"wp","href":"https:\/\/api.w.org\/{rel}","templated":true}]}}