{"id":1116,"date":"2020-07-27T15:58:38","date_gmt":"2020-07-27T18:58:38","guid":{"rendered":"http:\/\/www.merionline.com.br\/noticias\/?p=1116"},"modified":"2020-07-27T15:58:38","modified_gmt":"2020-07-27T18:58:38","slug":"morre-o-radialista-marcio-costa-apos-dias-internado-com-covid-19","status":"publish","type":"post","link":"https:\/\/www.merionline.com.br\/noticias\/morre-o-radialista-marcio-costa-apos-dias-internado-com-covid-19\/","title":{"rendered":"Morre o radialista M\u00e1rcio Costa, ap\u00f3s dias internado com covid-19"},"content":{"rendered":"<p>Morreu no in\u00edcio da tarde desta segunda-feira, dia 27, o radialista e jornalista da R\u00e1dio Alvorada FM, M\u00e1rcio Costa, 51 anos, depois de 17 dias internado em estado grave na Santa Casa de Fernand\u00f3polis. Informa\u00e7\u00f5es preliminares apontou que a infec\u00e7\u00e3o pulmonar decorrente de uma bact\u00e9ria evoluiu o quadro cl\u00ednico para o \u00f3bito.<\/p>\n<p>M\u00e1rcio Costa foi um \u00edcone do r\u00e1dio show em Fernand\u00f3polis e em outras cidades da regi\u00e3o onde trabalho, incluindo emissoras no Estado do Mato Grosso, Mato Grosso do Sul e Minas Gerais. Come\u00e7ou em Fernand\u00f3polis com programas populares na r\u00e1dio Difusora AM, passando pela Jornal FM e Cultura FM.<\/p>\n<p>Ultimamente trabalhava no jornalismo da R\u00e1dio Alvorada FM, com est\u00fadios em Fernand\u00f3polis, al\u00e9m do trabalho em sistemas internos de r\u00e1dio em Supermercados de toda a regi\u00e3o. Tamb\u00e9m mantinha a Rede News de R\u00e1dio, com programa policial que servia diversas cidades.<\/p>\n<p>M\u00e1rcio sempre foi parceiro do portal regiaonoroeste.com, com troca de informa\u00e7\u00f5es e gravava semanalmente v\u00eddeos com as principais reportagem na \u00e1rea policial e era distribu\u00eddo no Facebook do site.<\/p>\n<p>M\u00e1rcio chegou a UPA de Fernand\u00f3polis com pico de diabetes e com muita falta de ar. Levada \u00e0s pressas a Santa Casa onde foi entubado e dias depois foi diagnosticado com uma infec\u00e7\u00e3o nos pulm\u00f5es e acabou testando positivo para covid-19.<\/p>\n","protected":false},"excerpt":{"rendered":"<p>Morreu no in\u00edcio da tarde desta segunda-feira, dia 27, o radialista e jornalista da R\u00e1dio Alvorada FM, M\u00e1rcio Costa, 51 anos, depois de 17 dias internado em estado grave na Santa Casa de Fernand\u00f3polis. Informa\u00e7\u00f5es preliminares apontou que a infec\u00e7\u00e3o pulmonar decorrente de uma bact\u00e9ria evoluiu o quadro cl\u00ednico para o \u00f3bito. M\u00e1rcio Costa foi [&hellip;]<\/p>\n","protected":false},"author":1,"featured_media":1117,"comment_status":"open","ping_status":"open","sticky":false,"template":"","format":"standard","meta":{"footnotes":""},"categories":[6,2],"tags":[],"_links":{"self":[{"href":"https:\/\/www.merionline.com.br\/noticias\/wp-json\/wp\/v2\/posts\/1116"}],"collection":[{"href":"https:\/\/www.merionline.com.br\/noticias\/wp-json\/wp\/v2\/posts"}],"about":[{"href":"https:\/\/www.merionline.com.br\/noticias\/wp-json\/wp\/v2\/types\/post"}],"author":[{"embeddable":true,"href":"https:\/\/www.merionline.com.br\/noticias\/wp-json\/wp\/v2\/users\/1"}],"replies":[{"embeddable":true,"href":"https:\/\/www.merionline.com.br\/noticias\/wp-json\/wp\/v2\/comments?post=1116"}],"version-history":[{"count":1,"href":"https:\/\/www.merionline.com.br\/noticias\/wp-json\/wp\/v2\/posts\/1116\/revisions"}],"predecessor-version":[{"id":1118,"href":"https:\/\/www.merionline.com.br\/noticias\/wp-json\/wp\/v2\/posts\/1116\/revisions\/1118"}],"wp:featuredmedia":[{"embeddable":true,"href":"https:\/\/www.merionline.com.br\/noticias\/wp-json\/wp\/v2\/media\/1117"}],"wp:attachment":[{"href":"https:\/\/www.merionline.com.br\/noticias\/wp-json\/wp\/v2\/media?parent=1116"}],"wp:term":[{"taxonomy":"category","embeddable":true,"href":"https:\/\/www.merionline.com.br\/noticias\/wp-json\/wp\/v2\/categories?post=1116"},{"taxonomy":"post_tag","embeddable":true,"href":"https:\/\/www.merionline.com.br\/noticias\/wp-json\/wp\/v2\/tags?post=1116"}],"curies":[{"name":"wp","href":"https:\/\/api.w.org\/{rel}","templated":true}]}}