{"id":1120,"date":"2020-08-04T11:04:23","date_gmt":"2020-08-04T14:04:23","guid":{"rendered":"http:\/\/www.merionline.com.br\/noticias\/?p=1120"},"modified":"2020-08-04T12:24:04","modified_gmt":"2020-08-04T15:24:04","slug":"varios-servidores-da-prefeitura-de-meridiano-entrou-na-lista-de-suspeitos-de-coronavirus-e-prefeitura-fecha","status":"publish","type":"post","link":"https:\/\/www.merionline.com.br\/noticias\/varios-servidores-da-prefeitura-de-meridiano-entrou-na-lista-de-suspeitos-de-coronavirus-e-prefeitura-fecha\/","title":{"rendered":"V\u00e1rios servidores da Prefeitura de Meridiano entrou na lista de suspeitos de Coronavirus e Prefeitura fecha"},"content":{"rendered":"<div class=\"\" data-block=\"true\" data-editor=\"2d7bj\" data-offset-key=\"56rhj-0-0\">\n<div class=\"_1mf _1mj\" data-offset-key=\"56rhj-0-0\">\n<p><span data-offset-key=\"56rhj-0-0\">V\u00e1rios servidores da Prefeitura de Meridiano entrou na lista de suspeitos de Coronavirus, inclusive entre os suspeitos est\u00e1 o Secret\u00e1rio da Sa\u00fade, Alex Garcia, que j\u00e1 est\u00e1 em quarentena desde ontem. Prefeito Maicon Fabiano emitiu hoje (04) um decreto para fechar prefeitura.<\/span><\/p>\n<p>&nbsp;<\/p>\n<\/div>\n<\/div>\n<p>04 Novos casos positivos com funcion\u00e1rios p\u00fablicos foram diagnosticado nos \u00faltimos dias, passando de 24 para 28 casos no total, 25 curados e 17 aguardando resultados. Segundo o que apuramos, estes n\u00fameros podem ser ainda maior, pois novos resultados est\u00e3o para chegar.<\/p>\n<p>Nos \u00faltimos dias, o centro de tratamento de Covid do Munic\u00edpio, vem registrando um aumento significativo de s\u00edndrome gripais. Dezenas de testes est\u00e3o sendo feitos para diagnosticar o v\u00edrus.<\/p>\n<p style=\"text-align: center;\"><strong>Veja o Decreto abaixo:<\/strong><\/p>\n<p><span style=\"text-transform: initial;\">Novo Decreto de N\u00ba 2227 de 04\/08\/20, determina o fechamento do Pa\u00e7o Municipal nos per\u00edodos de 04 de agosto de 2020 \u00e0s 11h at\u00e9 o dia 07 de agosto de 2020, decorrente dos v\u00e1rios servidores suspeitos de Coronav\u00edrus (COVID-19) e d\u00e1 outras provid\u00eancias.<\/span><\/p>\n<div class=\"\" data-block=\"true\" data-editor=\"2d7bj\" data-offset-key=\"2eqi9-0-0\">\n<div class=\"_1mf _1mj\" data-offset-key=\"2eqi9-0-0\"><span data-offset-key=\"2eqi9-0-0\"><strong>CONSIDERANDO<\/strong> necessidade de manter o isolamento e impedir a aglomera\u00e7\u00e3o de pessoas em servi\u00e7os em locais fechados nos termos do Decreto Estadual n\u00ba 64.881, de 22 de mar\u00e7o de 2020;<\/span><\/div>\n<\/div>\n<div class=\"\" data-block=\"true\" data-editor=\"2d7bj\" data-offset-key=\"9faen-0-0\">\n<div class=\"_1mf _1mj\" data-offset-key=\"9faen-0-0\"><span data-offset-key=\"9faen-0-0\">\u00a0<\/span><\/div>\n<\/div>\n<div class=\"\" data-block=\"true\" data-editor=\"2d7bj\" data-offset-key=\"bplrm-0-0\">\n<div class=\"_1mf _1mj\" data-offset-key=\"bplrm-0-0\">\n<p><span data-offset-key=\"bplrm-0-0\"><strong>CONSIDERANDO<\/strong> as recomenda\u00e7\u00f5es do Centro de conting\u00eancia do Coronav\u00edrus, institu\u00eddo pela Resolu\u00e7\u00e3o n\u00ba 27, de 13 de mar\u00e7o de 2020, da Secretaria da Sa\u00fade;<\/span><\/p>\n<p>&nbsp;<\/p>\n<\/div>\n<\/div>\n<div class=\"\" data-block=\"true\" data-editor=\"2d7bj\" data-offset-key=\"c3qjd-0-0\">\n<div class=\"_1mf _1mj\" data-offset-key=\"c3qjd-0-0\"><span data-offset-key=\"c3qjd-0-0\"><strong>CONSIDERANDO<\/strong> a necessidade de se conter a dissemina\u00e7\u00e3o da COVID-19 e garantir a sa\u00fade dos <\/span><span style=\"text-transform: initial;\">servidores municipais;<\/span><\/div>\n<\/div>\n<div class=\"\" data-block=\"true\" data-editor=\"2d7bj\" data-offset-key=\"42bud-0-0\">\n<div class=\"_1mf _1mj\" data-offset-key=\"42bud-0-0\"><span data-offset-key=\"42bud-0-0\">\u00a0<\/span><\/div>\n<\/div>\n<div class=\"\" data-block=\"true\" data-editor=\"2d7bj\" data-offset-key=\"7gisd-0-0\">\n<div class=\"_1mf _1mj\" data-offset-key=\"7gisd-0-0\"><span data-offset-key=\"7gisd-0-0\"><strong>CONSIDERANDO<\/strong> a decis\u00e3o do Supremo Tribunal Federal (STF) que garante autonomia a prefeitos e governadores para determinarem medidas para o enfrentamento do Coronav\u00edrus.<\/span><\/div>\n<div data-offset-key=\"7gisd-0-0\"><span style=\"color: #999999;\"><em><br \/>\n(mat\u00e9ria continua ap\u00f3s publicidade)<\/em><\/span><\/div>\n<\/div>\n<div data-offset-key=\"7gisd-0-0\">\n<figure id=\"attachment_914\" aria-describedby=\"caption-attachment-914\" style=\"width: 474px\" class=\"wp-caption aligncenter\"><img loading=\"lazy\" decoding=\"async\" class=\"size-full wp-image-914\" src=\"https:\/\/www.merionline.com.br\/noticias\/wp-content\/uploads\/2020\/03\/WhatsApp-Image-2020-03-17-at-18.39.59-3.jpeg\" alt=\"\" width=\"474\" height=\"381\" srcset=\"https:\/\/www.merionline.com.br\/noticias\/wp-content\/uploads\/2020\/03\/WhatsApp-Image-2020-03-17-at-18.39.59-3.jpeg 474w, https:\/\/www.merionline.com.br\/noticias\/wp-content\/uploads\/2020\/03\/WhatsApp-Image-2020-03-17-at-18.39.59-3-300x241.jpeg 300w\" sizes=\"(max-width: 474px) 100vw, 474px\" \/><figcaption id=\"caption-attachment-914\" class=\"wp-caption-text\">PUBLICIDADE &#8211; ANUNCIE AQUI<\/figcaption><\/figure>\n<\/div>\n<div class=\"\" data-block=\"true\" data-editor=\"2d7bj\" data-offset-key=\"58nl7-0-0\">\n<div class=\"_1mf _1mj\" data-offset-key=\"58nl7-0-0\"><span data-offset-key=\"58nl7-0-0\">\u00a0<\/span><\/div>\n<\/div>\n<div class=\"\" data-block=\"true\" data-editor=\"2d7bj\" data-offset-key=\"f8g7i-0-0\">\n<div class=\"_1mf _1mj\" data-offset-key=\"f8g7i-0-0\"><strong>DECRETA:<\/strong><\/div>\n<\/div>\n<div class=\"\" data-block=\"true\" data-editor=\"2d7bj\" data-offset-key=\"7m9ls-0-0\">\n<div class=\"_1mf _1mj\" data-offset-key=\"7m9ls-0-0\"><span data-offset-key=\"7m9ls-0-0\">\u00a0<\/span><\/div>\n<\/div>\n<div class=\"\" data-block=\"true\" data-editor=\"2d7bj\" data-offset-key=\"dunev-0-0\">\n<div class=\"_1mf _1mj\" data-offset-key=\"dunev-0-0\"><span data-offset-key=\"dunev-0-0\"><strong>Art. 1\u00ba<\/strong> &#8211; DETERMINA o fechamento do Pa\u00e7o Municipal nos per\u00edodos de 04 de agosto de 2020 \u00e0s 11h at\u00e9 o dia 07 de agosto de 2020, decorrente dos v\u00e1rios servidores suspeitos de Coronav\u00edrus (COVID-19), e visando sobretudo preservar a sa\u00fade dos servidores.<\/span><\/div>\n<\/div>\n<div class=\"\" data-block=\"true\" data-editor=\"2d7bj\" data-offset-key=\"2k6gn-0-0\">\n<div class=\"_1mf _1mj\" data-offset-key=\"2k6gn-0-0\"><span data-offset-key=\"2k6gn-0-0\">\u00a0<\/span><\/div>\n<\/div>\n<div class=\"\" data-block=\"true\" data-editor=\"2d7bj\" data-offset-key=\"c36if-0-0\">\n<div class=\"_1mf _1mj\" data-offset-key=\"c36if-0-0\"><span data-offset-key=\"c36if-0-0\"><strong>Art. 2\u00ba<\/strong> &#8211; Os servi\u00e7os p\u00fablicos voltam a normalizar no dia 10 de agosto do corrente exerc\u00edcio.<\/span><\/div>\n<\/div>\n<div class=\"\" data-block=\"true\" data-editor=\"2d7bj\" data-offset-key=\"v36s-0-0\">\n<div class=\"_1mf _1mj\" data-offset-key=\"v36s-0-0\"><span data-offset-key=\"v36s-0-0\">\u00a0<\/span><\/div>\n<\/div>\n<div class=\"\" data-block=\"true\" data-editor=\"2d7bj\" data-offset-key=\"574f5-0-0\">\n<div class=\"_1mf _1mj\" data-offset-key=\"574f5-0-0\"><span data-offset-key=\"574f5-0-0\"><strong>Art. 3\u00b0<\/strong>&#8211; Este decreto entrar\u00e1 em vigor na data de sua publica\u00e7\u00e3o, revogando-se as disposi\u00e7\u00f5es em <\/span><span style=\"text-transform: initial;\">contr\u00e1rio.<\/span><\/div>\n<div style=\"text-align: center;\" data-offset-key=\"574f5-0-0\">\n<hr \/>\n<p><strong>Meridiano, 04 de agosto de 2020<\/strong><\/p>\n<\/div>\n<div style=\"text-align: center;\" data-offset-key=\"574f5-0-0\"><em>MAICON FABIANO DE OLIVEIRA<\/em><br \/>\n<em><em>PREFEITO MUNICIPAL<\/em><\/em><\/div>\n<div style=\"text-align: left;\" data-offset-key=\"574f5-0-0\">Registrado em livro pr\u00f3prio, publicado na data supra neste Setor de Assessoria<br \/>\nMunicipal e no Di\u00e1rio Oficial Eletr\u00f4nico do Munic\u00edpio, afixado no mural p\u00fablico de costume no Pa\u00e7o<br \/>\nMunicipal.<\/div>\n<\/div>\n<div class=\"\" data-block=\"true\" data-editor=\"2d7bj\" data-offset-key=\"2i14e-0-0\"><\/div>\n","protected":false},"excerpt":{"rendered":"<p>V\u00e1rios servidores da Prefeitura de Meridiano entrou na lista de suspeitos de Coronavirus, inclusive entre os suspeitos est\u00e1 o Secret\u00e1rio da Sa\u00fade, Alex Garcia, que j\u00e1 est\u00e1 em quarentena desde ontem. Prefeito Maicon Fabiano emitiu hoje (04) um decreto para fechar prefeitura. &nbsp; 04 Novos casos positivos com funcion\u00e1rios p\u00fablicos foram diagnosticado nos \u00faltimos dias, [&hellip;]<\/p>\n","protected":false},"author":1,"featured_media":1111,"comment_status":"open","ping_status":"open","sticky":false,"template":"","format":"standard","meta":{"footnotes":""},"categories":[3,6],"tags":[],"_links":{"self":[{"href":"https:\/\/www.merionline.com.br\/noticias\/wp-json\/wp\/v2\/posts\/1120"}],"collection":[{"href":"https:\/\/www.merionline.com.br\/noticias\/wp-json\/wp\/v2\/posts"}],"about":[{"href":"https:\/\/www.merionline.com.br\/noticias\/wp-json\/wp\/v2\/types\/post"}],"author":[{"embeddable":true,"href":"https:\/\/www.merionline.com.br\/noticias\/wp-json\/wp\/v2\/users\/1"}],"replies":[{"embeddable":true,"href":"https:\/\/www.merionline.com.br\/noticias\/wp-json\/wp\/v2\/comments?post=1120"}],"version-history":[{"count":9,"href":"https:\/\/www.merionline.com.br\/noticias\/wp-json\/wp\/v2\/posts\/1120\/revisions"}],"predecessor-version":[{"id":1129,"href":"https:\/\/www.merionline.com.br\/noticias\/wp-json\/wp\/v2\/posts\/1120\/revisions\/1129"}],"wp:featuredmedia":[{"embeddable":true,"href":"https:\/\/www.merionline.com.br\/noticias\/wp-json\/wp\/v2\/media\/1111"}],"wp:attachment":[{"href":"https:\/\/www.merionline.com.br\/noticias\/wp-json\/wp\/v2\/media?parent=1120"}],"wp:term":[{"taxonomy":"category","embeddable":true,"href":"https:\/\/www.merionline.com.br\/noticias\/wp-json\/wp\/v2\/categories?post=1120"},{"taxonomy":"post_tag","embeddable":true,"href":"https:\/\/www.merionline.com.br\/noticias\/wp-json\/wp\/v2\/tags?post=1120"}],"curies":[{"name":"wp","href":"https:\/\/api.w.org\/{rel}","templated":true}]}}