{"id":1144,"date":"2020-09-10T09:57:22","date_gmt":"2020-09-10T12:57:22","guid":{"rendered":"http:\/\/www.merionline.com.br\/noticias\/?p=1144"},"modified":"2020-12-17T08:39:04","modified_gmt":"2020-12-17T11:39:04","slug":"meridiano-registra-queda-dos-casos-de-covid-19","status":"publish","type":"post","link":"https:\/\/www.merionline.com.br\/noticias\/meridiano-registra-queda-dos-casos-de-covid-19\/","title":{"rendered":"Meridiano registra queda dos casos de Covid-19"},"content":{"rendered":"<p>Ao que tudo indica, Meridiano j\u00e1 passou pela fase pior do &#8220;Coronavirus&#8221;. Nas \u00faltimas semanas, tem diminu\u00eddo consideravelmente os casos positivos. Segundo o secret\u00e1rio da Sa\u00fade, Alex Garcia, Meridiano saiu do &#8220;pico&#8221; da doen\u00e7a, Alex informou ainda que a tend\u00eancia \u00e9 cair mais.<\/p>\n<p>Nas \u00faltimas 2 semanas, foram registrados poucos casos da doen\u00e7a comparado com os meses anteriores, \u00e9 poss\u00edvel dizer que, &#8220;o pior j\u00e1 passou&#8221;. O Secret\u00e1rio ainda fez um alerta, &#8220;A popula\u00e7\u00e3o devem continuar com os cuidados de antes, uso do \u00e1lcool em gel, m\u00e1scaras e isolamento sempre que poss\u00edvel.<\/p>\n<p><strong>O com\u00e9rcio<\/strong><\/p>\n<p>Mesmo com a abertura dos com\u00e9rcios nas \u00faltimas semanas, n\u00e3o foi notado aumentos dos casos na cidade de Meridiano, desta forma, ficou claro que o com\u00e9rcio nunca foi o causador do aumento dos casos que vinham acontecendo nos \u00faltimos meses.<\/p>\n<figure id=\"attachment_914\" aria-describedby=\"caption-attachment-914\" style=\"width: 474px\" class=\"wp-caption aligncenter\"><img loading=\"lazy\" decoding=\"async\" class=\"size-full wp-image-914\" src=\"https:\/\/www.merionline.com.br\/noticias\/wp-content\/uploads\/2020\/03\/WhatsApp-Image-2020-03-17-at-18.39.59-3.jpeg\" alt=\"\" width=\"474\" height=\"381\" srcset=\"https:\/\/www.merionline.com.br\/noticias\/wp-content\/uploads\/2020\/03\/WhatsApp-Image-2020-03-17-at-18.39.59-3.jpeg 474w, https:\/\/www.merionline.com.br\/noticias\/wp-content\/uploads\/2020\/03\/WhatsApp-Image-2020-03-17-at-18.39.59-3-300x241.jpeg 300w\" sizes=\"(max-width: 474px) 100vw, 474px\" \/><figcaption id=\"caption-attachment-914\" class=\"wp-caption-text\">PUBLICIDADE &#8211; ANUNCIE AQUI<\/figcaption><\/figure>\n<p><strong>Boletim Covid<\/strong><\/p>\n<p>Casos positivos &#8230;&#8230;&#8230;&#8230;&#8230;&#8230; 122<br \/>\nCurados&#8230;&#8230;&#8230;&#8230;&#8230;&#8230;&#8230;&#8230;&#8230;&#8230;..112<br \/>\nInternados&#8230;&#8230;&#8230;&#8230;&#8230;&#8230;&#8230;&#8230;&#8230;.003<br \/>\nAguardando resultados&#8230;.. 013<\/p>\n<p>Boletim do dia 09\/09\/20<\/p>\n<p><img loading=\"lazy\" decoding=\"async\" class=\"aligncenter size-large wp-image-1145\" src=\"https:\/\/www.merionline.com.br\/noticias\/wp-content\/uploads\/2020\/09\/pub-2-733x1024.jpg\" alt=\"\" width=\"733\" height=\"1024\" srcset=\"https:\/\/www.merionline.com.br\/noticias\/wp-content\/uploads\/2020\/09\/pub-2-733x1024.jpg 733w, https:\/\/www.merionline.com.br\/noticias\/wp-content\/uploads\/2020\/09\/pub-2-215x300.jpg 215w, https:\/\/www.merionline.com.br\/noticias\/wp-content\/uploads\/2020\/09\/pub-2-768x1072.jpg 768w, https:\/\/www.merionline.com.br\/noticias\/wp-content\/uploads\/2020\/09\/pub-2.jpg 924w\" sizes=\"(max-width: 733px) 100vw, 733px\" \/><\/p>\n","protected":false},"excerpt":{"rendered":"<p>Ao que tudo indica, Meridiano j\u00e1 passou pela fase pior do &#8220;Coronavirus&#8221;. Nas \u00faltimas semanas, tem diminu\u00eddo consideravelmente os casos positivos. Segundo o secret\u00e1rio da Sa\u00fade, Alex Garcia, Meridiano saiu do &#8220;pico&#8221; da doen\u00e7a, Alex informou ainda que a tend\u00eancia \u00e9 cair mais. Nas \u00faltimas 2 semanas, foram registrados poucos casos da doen\u00e7a comparado com [&hellip;]<\/p>\n","protected":false},"author":1,"featured_media":1072,"comment_status":"open","ping_status":"open","sticky":false,"template":"","format":"standard","meta":{"footnotes":""},"categories":[3,6],"tags":[],"_links":{"self":[{"href":"https:\/\/www.merionline.com.br\/noticias\/wp-json\/wp\/v2\/posts\/1144"}],"collection":[{"href":"https:\/\/www.merionline.com.br\/noticias\/wp-json\/wp\/v2\/posts"}],"about":[{"href":"https:\/\/www.merionline.com.br\/noticias\/wp-json\/wp\/v2\/types\/post"}],"author":[{"embeddable":true,"href":"https:\/\/www.merionline.com.br\/noticias\/wp-json\/wp\/v2\/users\/1"}],"replies":[{"embeddable":true,"href":"https:\/\/www.merionline.com.br\/noticias\/wp-json\/wp\/v2\/comments?post=1144"}],"version-history":[{"count":2,"href":"https:\/\/www.merionline.com.br\/noticias\/wp-json\/wp\/v2\/posts\/1144\/revisions"}],"predecessor-version":[{"id":1147,"href":"https:\/\/www.merionline.com.br\/noticias\/wp-json\/wp\/v2\/posts\/1144\/revisions\/1147"}],"wp:featuredmedia":[{"embeddable":true,"href":"https:\/\/www.merionline.com.br\/noticias\/wp-json\/wp\/v2\/media\/1072"}],"wp:attachment":[{"href":"https:\/\/www.merionline.com.br\/noticias\/wp-json\/wp\/v2\/media?parent=1144"}],"wp:term":[{"taxonomy":"category","embeddable":true,"href":"https:\/\/www.merionline.com.br\/noticias\/wp-json\/wp\/v2\/categories?post=1144"},{"taxonomy":"post_tag","embeddable":true,"href":"https:\/\/www.merionline.com.br\/noticias\/wp-json\/wp\/v2\/tags?post=1144"}],"curies":[{"name":"wp","href":"https:\/\/api.w.org\/{rel}","templated":true}]}}