{"id":1148,"date":"2020-09-11T23:59:08","date_gmt":"2020-09-12T02:59:08","guid":{"rendered":"http:\/\/www.merionline.com.br\/noticias\/?p=1148"},"modified":"2020-09-11T23:59:36","modified_gmt":"2020-09-12T02:59:36","slug":"urgente-pocos-que-abastecem-agua-de-meridiano-estao-quase-secos","status":"publish","type":"post","link":"https:\/\/www.merionline.com.br\/noticias\/urgente-pocos-que-abastecem-agua-de-meridiano-estao-quase-secos\/","title":{"rendered":"URGENTE: Po\u00e7os que abastecem \u00e1gua de Meridiano est\u00e3o quase &#8220;Secos&#8221;"},"content":{"rendered":"<div class=\"\" data-block=\"true\" data-editor=\"ftrjr\" data-offset-key=\"7pn2t-0-0\">\n<div class=\"_1mf _1mj\" data-offset-key=\"7pn2t-0-0\"><span data-offset-key=\"7pn2t-0-0\">ATEN\u00c7\u00c3O POPULA\u00c7\u00c3O DE MERIDIANO!<\/span><\/div>\n<\/div>\n<div class=\"\" data-block=\"true\" data-editor=\"ftrjr\" data-offset-key=\"e0q8s-0-0\">\n<div class=\"_1mf _1mj\" data-offset-key=\"e0q8s-0-0\"><span data-offset-key=\"e0q8s-0-0\">\u00a0<\/span><\/div>\n<\/div>\n<div class=\"\" data-block=\"true\" data-editor=\"ftrjr\" data-offset-key=\"8nslo-0-0\">\n<div class=\"_1mf _1mj\" data-offset-key=\"8nslo-0-0\"><span data-offset-key=\"8nslo-0-0\">\u2593 N\u00edvel Cr\u00edtico de \u00c1gua na cidade \u2593 <\/span><\/div>\n<\/div>\n<div class=\"\" data-block=\"true\" data-editor=\"ftrjr\" data-offset-key=\"eegd9-0-0\">\n<div class=\"_1mf _1mj\" data-offset-key=\"eegd9-0-0\"><span data-offset-key=\"eegd9-0-0\">\u00a0<\/span><\/div>\n<\/div>\n<div class=\"\" data-block=\"true\" data-editor=\"ftrjr\" data-offset-key=\"ajg8h-0-0\">\n<div class=\"_1mf _1mj\" data-offset-key=\"ajg8h-0-0\"><span data-offset-key=\"ajg8h-0-0\">Agora pouco, por vota das 23:40hr, estivemos em contato com o respons\u00e1vel pela Sabesp da cidade de Meridiano, para saber os motivos que levaram o corte parcial do abastecimento de \u00e1gua, e o mesmo nos informou a seguinte situa\u00e7\u00e3o; <\/span><\/div>\n<\/div>\n<div class=\"\" data-block=\"true\" data-editor=\"ftrjr\" data-offset-key=\"1d1qi-0-0\">\n<div class=\"_1mf _1mj\" data-offset-key=\"1d1qi-0-0\"><span data-offset-key=\"1d1qi-0-0\">\u00a0<\/span><\/div>\n<\/div>\n<div class=\"\" data-block=\"true\" data-editor=\"ftrjr\" data-offset-key=\"fjvba-0-0\">\n<div class=\"_1mf _1mj\" data-offset-key=\"fjvba-0-0\"><span data-offset-key=\"fjvba-0-0\">Devido ao calor das \u00faltimas semanas, os po\u00e7os da cidade est\u00e3o praticamente &#8220;Secos&#8221;, isso mesmo, &#8220;quase secos&#8221;, e foi necess\u00e1rio fazer um racionamento de \u00e1gua hoje (11) por volta das 18:00hr. <\/span><\/div>\n<\/div>\n<div class=\"\" data-block=\"true\" data-editor=\"ftrjr\" data-offset-key=\"culvm-0-0\">\n<div class=\"_1mf _1mj\" data-offset-key=\"culvm-0-0\"><span data-offset-key=\"culvm-0-0\">\u00a0<\/span><\/div>\n<\/div>\n<div class=\"\" data-block=\"true\" data-editor=\"ftrjr\" data-offset-key=\"f80s-0-0\">\n<div class=\"_1mf _1mj\" data-offset-key=\"f80s-0-0\"><span data-offset-key=\"f80s-0-0\">Segundo o gerente das opera\u00e7\u00f5es da Sabesp da cidade Meridiano, foi necess\u00e1rio buscar \u00e1gua com caminh\u00f5es pipas na cidade de Fernand\u00f3polis para &#8220;encher&#8221; os reservat\u00f3rios, ou seja, a situa\u00e7\u00e3o \u00e9 cr\u00edtica. <\/span><\/div>\n<\/div>\n<div class=\"\" data-block=\"true\" data-editor=\"ftrjr\" data-offset-key=\"70c00-0-0\">\n<div class=\"_1mf _1mj\" data-offset-key=\"70c00-0-0\"><span data-offset-key=\"70c00-0-0\">\u00a0<\/span><\/div>\n<\/div>\n<div class=\"\" data-block=\"true\" data-editor=\"ftrjr\" data-offset-key=\"9manh-0-0\">\n<div class=\"_1mf _1mj\" data-offset-key=\"9manh-0-0\"><span data-offset-key=\"9manh-0-0\">Portanto, \u00e9 necess\u00e1ria a colabora\u00e7\u00e3o e conscientiza\u00e7\u00e3o de toda popula\u00e7\u00e3o, \u00e9 muito importante evitar o consumo excessivo de \u00e1gua at\u00e9 a situa\u00e7\u00e3o ser normalizada. Segundo a Sabesp, os caminh\u00f5es pipas v\u00e3o estar a madrugada toda buscando \u00e1gua em Fernand\u00f3polis. <\/span><\/div>\n<\/div>\n<div class=\"\" data-block=\"true\" data-editor=\"ftrjr\" data-offset-key=\"3egr7-0-0\">\n<div class=\"_1mf _1mj\" data-offset-key=\"3egr7-0-0\"><span data-offset-key=\"3egr7-0-0\">\u00a0<\/span><\/div>\n<\/div>\n<div class=\"\" data-block=\"true\" data-editor=\"ftrjr\" data-offset-key=\"e24nf-0-0\">\n<div class=\"_1mf _1mj\" data-offset-key=\"e24nf-0-0\"><strong>Resumindo<\/strong><\/div>\n<\/div>\n<div class=\"\" data-block=\"true\" data-editor=\"ftrjr\" data-offset-key=\"4at8r-0-0\">\n<div class=\"_1mf _1mj\" data-offset-key=\"4at8r-0-0\"><span data-offset-key=\"4at8r-0-0\">\u00a0<\/span><\/div>\n<\/div>\n<div class=\"\" data-block=\"true\" data-editor=\"ftrjr\" data-offset-key=\"2ulgg-0-0\">\n<div class=\"_1mf _1mj\" data-offset-key=\"2ulgg-0-0\"><span data-offset-key=\"2ulgg-0-0\">A situa\u00e7\u00e3o \u00e9 Cr\u00edtica, isso mesmo, &#8220;CR\u00cdTICA&#8221;, ECONOMIZEM para n\u00e3o termos racionamentos mais prolongados.<\/span><\/div>\n<div data-offset-key=\"2ulgg-0-0\">\n<figure id=\"attachment_914\" aria-describedby=\"caption-attachment-914\" style=\"width: 474px\" class=\"wp-caption aligncenter\"><img loading=\"lazy\" decoding=\"async\" class=\"size-full wp-image-914\" src=\"https:\/\/www.merionline.com.br\/noticias\/wp-content\/uploads\/2020\/03\/WhatsApp-Image-2020-03-17-at-18.39.59-3.jpeg\" alt=\"\" width=\"474\" height=\"381\" srcset=\"https:\/\/www.merionline.com.br\/noticias\/wp-content\/uploads\/2020\/03\/WhatsApp-Image-2020-03-17-at-18.39.59-3.jpeg 474w, https:\/\/www.merionline.com.br\/noticias\/wp-content\/uploads\/2020\/03\/WhatsApp-Image-2020-03-17-at-18.39.59-3-300x241.jpeg 300w\" sizes=\"(max-width: 474px) 100vw, 474px\" \/><figcaption id=\"caption-attachment-914\" class=\"wp-caption-text\">PUBLICIDADE &#8211; ANUNCIE AQUI<\/figcaption><\/figure>\n<\/div>\n<\/div>\n<div class=\"\" data-block=\"true\" data-editor=\"ftrjr\" data-offset-key=\"9t3mp-0-0\">\n<div class=\"_1mf _1mj\" data-offset-key=\"9t3mp-0-0\"><\/div>\n<\/div>\n","protected":false},"excerpt":{"rendered":"<p>Devido ao calor das \u00faltimas semanas, os po\u00e7os da cidade est\u00e3o praticamente &#8220;Secos&#8221;, isso mesmo, &#8220;quase secos&#8221;, e foi necess\u00e1rio fazer um racionamento de \u00e1gua hoje<\/p>\n","protected":false},"author":1,"featured_media":544,"comment_status":"open","ping_status":"open","sticky":false,"template":"","format":"standard","meta":{"footnotes":""},"categories":[3,6],"tags":[],"_links":{"self":[{"href":"https:\/\/www.merionline.com.br\/noticias\/wp-json\/wp\/v2\/posts\/1148"}],"collection":[{"href":"https:\/\/www.merionline.com.br\/noticias\/wp-json\/wp\/v2\/posts"}],"about":[{"href":"https:\/\/www.merionline.com.br\/noticias\/wp-json\/wp\/v2\/types\/post"}],"author":[{"embeddable":true,"href":"https:\/\/www.merionline.com.br\/noticias\/wp-json\/wp\/v2\/users\/1"}],"replies":[{"embeddable":true,"href":"https:\/\/www.merionline.com.br\/noticias\/wp-json\/wp\/v2\/comments?post=1148"}],"version-history":[{"count":2,"href":"https:\/\/www.merionline.com.br\/noticias\/wp-json\/wp\/v2\/posts\/1148\/revisions"}],"predecessor-version":[{"id":1150,"href":"https:\/\/www.merionline.com.br\/noticias\/wp-json\/wp\/v2\/posts\/1148\/revisions\/1150"}],"wp:featuredmedia":[{"embeddable":true,"href":"https:\/\/www.merionline.com.br\/noticias\/wp-json\/wp\/v2\/media\/544"}],"wp:attachment":[{"href":"https:\/\/www.merionline.com.br\/noticias\/wp-json\/wp\/v2\/media?parent=1148"}],"wp:term":[{"taxonomy":"category","embeddable":true,"href":"https:\/\/www.merionline.com.br\/noticias\/wp-json\/wp\/v2\/categories?post=1148"},{"taxonomy":"post_tag","embeddable":true,"href":"https:\/\/www.merionline.com.br\/noticias\/wp-json\/wp\/v2\/tags?post=1148"}],"curies":[{"name":"wp","href":"https:\/\/api.w.org\/{rel}","templated":true}]}}