{"id":1152,"date":"2020-09-14T21:56:36","date_gmt":"2020-09-15T00:56:36","guid":{"rendered":"http:\/\/www.merionline.com.br\/noticias\/?p=1152"},"modified":"2020-09-14T22:42:21","modified_gmt":"2020-09-15T01:42:21","slug":"3-candidatos-cenario-politico-de-meridiano-para-2020","status":"publish","type":"post","link":"https:\/\/www.merionline.com.br\/noticias\/3-candidatos-cenario-politico-de-meridiano-para-2020\/","title":{"rendered":"3 candidatos: Cen\u00e1rio pol\u00edtico de Meridiano para 2020"},"content":{"rendered":"<p><strong>Elei\u00e7\u00e3o 2020<\/strong><\/p>\n<p>O que temos nos &#8220;bastidores&#8221; no cen\u00e1rio pol\u00edtico para Prefeito de Meridiano.<\/p>\n<p>Faltando apenas 2 dias para finalizar as conven\u00e7\u00f5es de Meridiano, j\u00e1 tivemos a primeira conven\u00e7\u00e3o, que foi do DEM (Democratas), representado pelo Lindo como pr\u00e9 candidato a prefeito, e vice Fabinho Torrente. Anteriormente, a chapa do DEM tinha anunciado e divulgado nas redes sociais o Jean Tonelote como vice, por\u00e9m o partido acabou escolhendo outro vice, Fabio Torrente.<\/p>\n<p><span style=\"color: #999999;\"><em>Obs: Candidatos do DEM n\u00e3o possu\u00ed fotos<\/em><\/span><\/p>\n<p>O Merionline entrou em contato com o Jean Tonelote, para saber se o mesmo vai sair como vereador, ele informou o seguinte: &#8211; <em>&#8220;N\u00e3o serei candidato a vereador&#8221;<\/em>, disse ainda que s\u00f3 ap\u00f3s as conven\u00e7\u00f5es ir\u00e1 se posicionar para qual partido dar\u00e1 seu apoio. Claramente \u00e9 poss\u00edvel ver uma certa &#8220;insatisfa\u00e7\u00e3o&#8221; com a decis\u00e3o de seu partido, j\u00e1 que vinham bem posicionados nas \u00faltimas pesquisas.<\/p>\n<p>Depois temos outra chapa finalizada, que \u00e9 o AVANTE junto com o PSDB, M\u00e1rcia Adriano como pr\u00e9 candidata a prefeita e o vice do PSDB Rapinha (Fabio Paschoalinoto).<\/p>\n<figure id=\"attachment_1160\" aria-describedby=\"caption-attachment-1160\" style=\"width: 1024px\" class=\"wp-caption aligncenter\"><img loading=\"lazy\" decoding=\"async\" class=\"size-large wp-image-1160\" src=\"https:\/\/www.merionline.com.br\/noticias\/wp-content\/uploads\/2020\/09\/WhatsApp-Image-2020-09-13-at-16.19.03-1024x576.jpeg\" alt=\"\" width=\"1024\" height=\"576\" srcset=\"https:\/\/www.merionline.com.br\/noticias\/wp-content\/uploads\/2020\/09\/WhatsApp-Image-2020-09-13-at-16.19.03-1024x576.jpeg 1024w, https:\/\/www.merionline.com.br\/noticias\/wp-content\/uploads\/2020\/09\/WhatsApp-Image-2020-09-13-at-16.19.03-300x169.jpeg 300w, https:\/\/www.merionline.com.br\/noticias\/wp-content\/uploads\/2020\/09\/WhatsApp-Image-2020-09-13-at-16.19.03-768x432.jpeg 768w, https:\/\/www.merionline.com.br\/noticias\/wp-content\/uploads\/2020\/09\/WhatsApp-Image-2020-09-13-at-16.19.03-1536x864.jpeg 1536w, https:\/\/www.merionline.com.br\/noticias\/wp-content\/uploads\/2020\/09\/WhatsApp-Image-2020-09-13-at-16.19.03.jpeg 1600w\" sizes=\"(max-width: 1024px) 100vw, 1024px\" \/><figcaption id=\"caption-attachment-1160\" class=\"wp-caption-text\">Marcia e Rapinha<\/figcaption><\/figure>\n<p>No mesmo cen\u00e1rio, temos a chapa do atual prefeito, Maicon Fabiano (PODEMOS), com o vice C\u00e9li\u00e3o, que ap\u00f3s algumas reuni\u00f5es, mantiveram a palavra em manter a mesma chapa da elei\u00e7\u00e3o suplementar do ano passado (2019), que inclusive seguiram a vontade de seus apoiadores.<\/p>\n<figure id=\"attachment_1161\" aria-describedby=\"caption-attachment-1161\" style=\"width: 1024px\" class=\"wp-caption aligncenter\"><img loading=\"lazy\" decoding=\"async\" class=\"wp-image-1161 size-large\" src=\"https:\/\/www.merionline.com.br\/noticias\/wp-content\/uploads\/2020\/09\/WhatsApp-Image-2020-09-14-at-19.50.34-1024x498.jpeg\" alt=\"\" width=\"1024\" height=\"498\" srcset=\"https:\/\/www.merionline.com.br\/noticias\/wp-content\/uploads\/2020\/09\/WhatsApp-Image-2020-09-14-at-19.50.34-1024x498.jpeg 1024w, https:\/\/www.merionline.com.br\/noticias\/wp-content\/uploads\/2020\/09\/WhatsApp-Image-2020-09-14-at-19.50.34-300x146.jpeg 300w, https:\/\/www.merionline.com.br\/noticias\/wp-content\/uploads\/2020\/09\/WhatsApp-Image-2020-09-14-at-19.50.34-768x373.jpeg 768w, https:\/\/www.merionline.com.br\/noticias\/wp-content\/uploads\/2020\/09\/WhatsApp-Image-2020-09-14-at-19.50.34.jpeg 1280w\" sizes=\"(max-width: 1024px) 100vw, 1024px\" \/><figcaption id=\"caption-attachment-1161\" class=\"wp-caption-text\">Maicon e C\u00e9li\u00e3o<\/figcaption><\/figure>\n<p><strong>RESUMO<\/strong><\/p>\n<p>Ao que tudo indica, teremos 3 candidatos na disputa pela cadeira de prefeito(a) da cidade de Meridiano, s\u00e3o eles:<\/p>\n<p><strong><em>M\u00e1rcia x Rapa\u00a0 (70|45)<\/em><\/strong><br \/>\n<strong><em>Maicon x C\u00e9li\u00e3o (19)<\/em><\/strong><br \/>\n<strong><em>Lindo x Fabio Torrente\u00a0 (25 |11)<\/em><\/strong><\/p>\n<p>Dificilmente este cen\u00e1rio mudar\u00e1, pois envolve grupos de apoiadores entre outros fatores e compromissos.<\/p>\n<p>Teremos conven\u00e7\u00e3o amanh\u00e3 (15) e na quarta (16), ambas na C\u00e2mara Municipal de Meridiano.<\/p>\n<p>As elei\u00e7\u00f5es de 2020 ser\u00e1 no dia 15 de novembro, foi adiada devido ao Coronav\u00edrus.<\/p>\n<p><span style=\"color: #999999;\"><em>Por: Paulo Rog\u00e9rio<\/em><\/span><\/p>\n","protected":false},"excerpt":{"rendered":"<p>Elei\u00e7\u00e3o 2020 O que temos nos &#8220;bastidores&#8221; no cen\u00e1rio pol\u00edtico para Prefeito de Meridiano. Faltando apenas 2 dias para finalizar as conven\u00e7\u00f5es de Meridiano, j\u00e1 tivemos a primeira conven\u00e7\u00e3o, que foi do DEM (Democratas), representado pelo Lindo como pr\u00e9 candidato a prefeito, e vice Fabinho Torrente. Anteriormente, a chapa do DEM tinha anunciado e divulgado [&hellip;]<\/p>\n","protected":false},"author":1,"featured_media":1153,"comment_status":"open","ping_status":"open","sticky":false,"template":"","format":"standard","meta":{"footnotes":""},"categories":[3,6],"tags":[],"_links":{"self":[{"href":"https:\/\/www.merionline.com.br\/noticias\/wp-json\/wp\/v2\/posts\/1152"}],"collection":[{"href":"https:\/\/www.merionline.com.br\/noticias\/wp-json\/wp\/v2\/posts"}],"about":[{"href":"https:\/\/www.merionline.com.br\/noticias\/wp-json\/wp\/v2\/types\/post"}],"author":[{"embeddable":true,"href":"https:\/\/www.merionline.com.br\/noticias\/wp-json\/wp\/v2\/users\/1"}],"replies":[{"embeddable":true,"href":"https:\/\/www.merionline.com.br\/noticias\/wp-json\/wp\/v2\/comments?post=1152"}],"version-history":[{"count":10,"href":"https:\/\/www.merionline.com.br\/noticias\/wp-json\/wp\/v2\/posts\/1152\/revisions"}],"predecessor-version":[{"id":1165,"href":"https:\/\/www.merionline.com.br\/noticias\/wp-json\/wp\/v2\/posts\/1152\/revisions\/1165"}],"wp:featuredmedia":[{"embeddable":true,"href":"https:\/\/www.merionline.com.br\/noticias\/wp-json\/wp\/v2\/media\/1153"}],"wp:attachment":[{"href":"https:\/\/www.merionline.com.br\/noticias\/wp-json\/wp\/v2\/media?parent=1152"}],"wp:term":[{"taxonomy":"category","embeddable":true,"href":"https:\/\/www.merionline.com.br\/noticias\/wp-json\/wp\/v2\/categories?post=1152"},{"taxonomy":"post_tag","embeddable":true,"href":"https:\/\/www.merionline.com.br\/noticias\/wp-json\/wp\/v2\/tags?post=1152"}],"curies":[{"name":"wp","href":"https:\/\/api.w.org\/{rel}","templated":true}]}}