{"id":116,"date":"2013-11-13T09:39:53","date_gmt":"2013-11-13T11:39:53","guid":{"rendered":"http:\/\/www.merionline.com.br\/noticias\/?p=116"},"modified":"2013-11-13T09:43:36","modified_gmt":"2013-11-13T11:43:36","slug":"santa-casa-de-fernandopolis-amplia-horario-de-visitas","status":"publish","type":"post","link":"https:\/\/www.merionline.com.br\/noticias\/santa-casa-de-fernandopolis-amplia-horario-de-visitas\/","title":{"rendered":"Santa Casa de Fernand\u00f3polis amplia hor\u00e1rio de visitas"},"content":{"rendered":"<p><span style=\"color: #999999;\"><em>Santa Casa amplia hor\u00e1rio de visitas &#8211; 12\/11\/2013<\/em><\/span><br \/>\nA partir de hoje a Santa Casa de Fernand\u00f3polis amplia o hor\u00e1rio de visitas de parentes e amigos aos pacientes internados pelo SUS, conv\u00eanios (privativo ou coletivo) e particulares, al\u00e9m da UTI. A altera\u00e7\u00e3o faz parte de um programa de humaniza\u00e7\u00e3o, que busca a recupera\u00e7\u00e3o mais r\u00e1pida do internado.<\/p>\n<p>As visitas aos internados nos quartos do SUS foram definidas em dois hor\u00e1rios: das 12 \u00e0s 14h e das 18 \u00e0s 20h. At\u00e9 ontem o visitante tinha apenas uma op\u00e7\u00e3o. \u201cUm dos objetivos da nossa gest\u00e3o foi conceder mais aten\u00e7\u00e3o ao paciente, em especial ao paciente internado pelo SUS. Por isso n\u00f3s ampliamos o per\u00edodo de visita\u00e7\u00e3o para que o maior n\u00famero de familiares e amigos possam dar est\u00edmulos positivos ao paciente\u201d, destacou o provedor da Santa Casa de Fernand\u00f3polis, Geraldo Silva de Carvalho.<\/p>\n<p>O hor\u00e1rio de visitas para os internados na UTI tamb\u00e9m foi ampliado em meia hora cada turno. Agora, a visita\u00e7\u00e3o acontece das 11h30 \u00e0s 12h30 e das 17h30 \u00e0s 18h30. J\u00e1 os internados pelos conv\u00eanios (privativo ou coletivo) e particulares ter\u00e3o direito a receber visitas durante intervalo de 12 horas, das 8 \u00e0s 20h.<\/p>\n<p>As trocas de acompanhantes permanecem nos mesmos hor\u00e1rios: todos os dias \u00e0s 7h, 11h e 18h. E em cada visita \u00e9 permitida a entrada de duas pessoas por vez.<\/p>\n<p>\u201cQueremos ajudar o paciente em sua recupera\u00e7\u00e3o, por isso acreditamos que quanto mais pr\u00f3ximo ele estiver da fam\u00edlia, melhor. Essa aproxima\u00e7\u00e3o ajuda no tratamento que j\u00e1 \u00e9 realizado pelo hospital e traz conforto para aqueles que est\u00e3o internados\u201d, disse Maria Papa, assistente social da Santa Casa. Segundo ela, esse trabalho de humaniza\u00e7\u00e3o realizado pelo hospital ainda faz parte de exig\u00eancia pelo Minist\u00e9rio da Sa\u00fade.<\/p>\n<p style=\"text-align: right;\"><span style=\"color: #999999;\">Fonte: TvNoroeste<\/span><\/p>\n","protected":false},"excerpt":{"rendered":"<p>Santa Casa amplia hor\u00e1rio de visitas &#8211; 12\/11\/2013 A partir de hoje a Santa Casa de Fernand\u00f3polis amplia o hor\u00e1rio de visitas de parentes e amigos aos pacientes internados pelo SUS, conv\u00eanios (privativo ou coletivo) e particulares, al\u00e9m da UTI. A altera\u00e7\u00e3o faz parte de um programa de humaniza\u00e7\u00e3o, que busca a recupera\u00e7\u00e3o mais r\u00e1pida [&hellip;]<\/p>\n","protected":false},"author":1,"featured_media":117,"comment_status":"open","ping_status":"open","sticky":false,"template":"","format":"standard","meta":{"footnotes":""},"categories":[6,2],"tags":[],"_links":{"self":[{"href":"https:\/\/www.merionline.com.br\/noticias\/wp-json\/wp\/v2\/posts\/116"}],"collection":[{"href":"https:\/\/www.merionline.com.br\/noticias\/wp-json\/wp\/v2\/posts"}],"about":[{"href":"https:\/\/www.merionline.com.br\/noticias\/wp-json\/wp\/v2\/types\/post"}],"author":[{"embeddable":true,"href":"https:\/\/www.merionline.com.br\/noticias\/wp-json\/wp\/v2\/users\/1"}],"replies":[{"embeddable":true,"href":"https:\/\/www.merionline.com.br\/noticias\/wp-json\/wp\/v2\/comments?post=116"}],"version-history":[{"count":1,"href":"https:\/\/www.merionline.com.br\/noticias\/wp-json\/wp\/v2\/posts\/116\/revisions"}],"predecessor-version":[{"id":118,"href":"https:\/\/www.merionline.com.br\/noticias\/wp-json\/wp\/v2\/posts\/116\/revisions\/118"}],"wp:featuredmedia":[{"embeddable":true,"href":"https:\/\/www.merionline.com.br\/noticias\/wp-json\/wp\/v2\/media\/117"}],"wp:attachment":[{"href":"https:\/\/www.merionline.com.br\/noticias\/wp-json\/wp\/v2\/media?parent=116"}],"wp:term":[{"taxonomy":"category","embeddable":true,"href":"https:\/\/www.merionline.com.br\/noticias\/wp-json\/wp\/v2\/categories?post=116"},{"taxonomy":"post_tag","embeddable":true,"href":"https:\/\/www.merionline.com.br\/noticias\/wp-json\/wp\/v2\/tags?post=116"}],"curies":[{"name":"wp","href":"https:\/\/api.w.org\/{rel}","templated":true}]}}