{"id":1184,"date":"2020-09-28T22:30:27","date_gmt":"2020-09-29T01:30:27","guid":{"rendered":"http:\/\/www.merionline.com.br\/noticias\/?p=1184"},"modified":"2020-10-02T10:22:56","modified_gmt":"2020-10-02T13:22:56","slug":"sabesp-comecou-hoje-um-novo-poco-profundo-em-meridiano","status":"publish","type":"post","link":"https:\/\/www.merionline.com.br\/noticias\/sabesp-comecou-hoje-um-novo-poco-profundo-em-meridiano\/","title":{"rendered":"Meridiano ter\u00e1 um novo po\u00e7o profundo &#8220;300m&#8221; para melhorar o abastecimento de \u00e1gua"},"content":{"rendered":"<p>Est\u00e1 semana, a Sabesp come\u00e7ou a perfurar mais um po\u00e7o &#8220;profundo&#8221; em Meridiano. O objetivo \u00e9 aumentar o fluxo de \u00e1gua para o munic\u00edpio.<\/p>\n<p>A seca dos \u00faltimos anos, vem causando alguns transtornos no abastecimento, no m\u00eas passado\u00a0 por exemplo, todos os po\u00e7os de capita\u00e7\u00e3o de \u00e1gua ficaram secos, com isso, a Sabesp teve e continua buscando \u00e1gua com caminh\u00f5es pipas em Fernand\u00f3polis para suprir a necessidade.<\/p>\n<p>Com o novo po\u00e7o em funcionamento, n\u00e3o ser\u00e1 mais necess\u00e1rio buscar \u00e1gua na cidade vizinha, o novo po\u00e7o ter\u00e1 uma capacidade &#8220;enorme&#8221;, aproximadamente 30 mil litros\/hora, garantindo o abastecimento do munic\u00edpio.<\/p>\n<p>A empresa Hidro Oeste de Andradina, ganhou a licita\u00e7\u00e3o e j\u00e1 est\u00e1 no local fazendo a perfura\u00e7\u00e3o, n\u00e3o foi divulgado uma data para t\u00e9rmino.<\/p>\n<p>Procuramos o Prefeito de Meridiano, Maicon Fabiano, e o mesmo mostrou\u00a0 &#8220;preocupa\u00e7\u00e3o&#8221; com a situa\u00e7\u00e3o\u00a0 dos po\u00e7os secos, segundo o prefeito, o novo contrato assinado com a Sabesp no come\u00e7o do ano de 2020, ficou acordado a doa\u00e7\u00e3o &#8220;tempor\u00e1ria&#8221; de um terreno para um novo po\u00e7o e tamb\u00e9m a instala\u00e7\u00e3o da sede da Sabesp.<\/p>\n<figure id=\"attachment_914\" aria-describedby=\"caption-attachment-914\" style=\"width: 474px\" class=\"wp-caption aligncenter\"><img loading=\"lazy\" decoding=\"async\" class=\"size-full wp-image-914\" src=\"https:\/\/www.merionline.com.br\/noticias\/wp-content\/uploads\/2020\/03\/WhatsApp-Image-2020-03-17-at-18.39.59-3.jpeg\" alt=\"\" width=\"474\" height=\"381\" srcset=\"https:\/\/www.merionline.com.br\/noticias\/wp-content\/uploads\/2020\/03\/WhatsApp-Image-2020-03-17-at-18.39.59-3.jpeg 474w, https:\/\/www.merionline.com.br\/noticias\/wp-content\/uploads\/2020\/03\/WhatsApp-Image-2020-03-17-at-18.39.59-3-300x241.jpeg 300w\" sizes=\"(max-width: 474px) 100vw, 474px\" \/><figcaption id=\"caption-attachment-914\" class=\"wp-caption-text\">PUBLICIDADE &#8211; ANUNCIE AQUI<\/figcaption><\/figure>\n<p>Toda a infraestrutura e gastos com a perfura\u00e7\u00e3o, ser\u00e1 por conta da Sabesp, o munic\u00edpio apenas &#8220;cedeu&#8221; o local que retornar\u00e1 ao munic\u00edpio ap\u00f3s vig\u00eancia do contrato de (30 anos), podendo ser renovado novamente.<\/p>\n","protected":false},"excerpt":{"rendered":"<p>Est\u00e1 semana, a Sabesp come\u00e7ou a perfurar mais um po\u00e7o &#8220;profundo&#8221; em Meridiano. O objetivo \u00e9 aumentar o fluxo de \u00e1gua para o munic\u00edpio. A seca dos \u00faltimos anos, vem causando alguns transtornos no abastecimento, no m\u00eas passado\u00a0 por exemplo, todos os po\u00e7os de capita\u00e7\u00e3o de \u00e1gua ficaram secos, com isso, a Sabesp teve e [&hellip;]<\/p>\n","protected":false},"author":1,"featured_media":1185,"comment_status":"open","ping_status":"open","sticky":false,"template":"","format":"standard","meta":{"footnotes":""},"categories":[3,6],"tags":[],"_links":{"self":[{"href":"https:\/\/www.merionline.com.br\/noticias\/wp-json\/wp\/v2\/posts\/1184"}],"collection":[{"href":"https:\/\/www.merionline.com.br\/noticias\/wp-json\/wp\/v2\/posts"}],"about":[{"href":"https:\/\/www.merionline.com.br\/noticias\/wp-json\/wp\/v2\/types\/post"}],"author":[{"embeddable":true,"href":"https:\/\/www.merionline.com.br\/noticias\/wp-json\/wp\/v2\/users\/1"}],"replies":[{"embeddable":true,"href":"https:\/\/www.merionline.com.br\/noticias\/wp-json\/wp\/v2\/comments?post=1184"}],"version-history":[{"count":4,"href":"https:\/\/www.merionline.com.br\/noticias\/wp-json\/wp\/v2\/posts\/1184\/revisions"}],"predecessor-version":[{"id":1189,"href":"https:\/\/www.merionline.com.br\/noticias\/wp-json\/wp\/v2\/posts\/1184\/revisions\/1189"}],"wp:featuredmedia":[{"embeddable":true,"href":"https:\/\/www.merionline.com.br\/noticias\/wp-json\/wp\/v2\/media\/1185"}],"wp:attachment":[{"href":"https:\/\/www.merionline.com.br\/noticias\/wp-json\/wp\/v2\/media?parent=1184"}],"wp:term":[{"taxonomy":"category","embeddable":true,"href":"https:\/\/www.merionline.com.br\/noticias\/wp-json\/wp\/v2\/categories?post=1184"},{"taxonomy":"post_tag","embeddable":true,"href":"https:\/\/www.merionline.com.br\/noticias\/wp-json\/wp\/v2\/tags?post=1184"}],"curies":[{"name":"wp","href":"https:\/\/api.w.org\/{rel}","templated":true}]}}