{"id":1191,"date":"2020-10-08T16:07:02","date_gmt":"2020-10-08T19:07:02","guid":{"rendered":"http:\/\/www.merionline.com.br\/noticias\/?p=1191"},"modified":"2020-10-08T16:07:27","modified_gmt":"2020-10-08T19:07:27","slug":"prefeito-de-meridiano-envia-pedido-de-suplementacao-de-verba-no-valor-de-r-1800-000-00","status":"publish","type":"post","link":"https:\/\/www.merionline.com.br\/noticias\/prefeito-de-meridiano-envia-pedido-de-suplementacao-de-verba-no-valor-de-r-1800-000-00\/","title":{"rendered":"Prefeito de Meridiano envia pedido de Suplementa\u00e7\u00e3o de verba no valor de R$ 1,800.000.00"},"content":{"rendered":"<p>Hoje tem sess\u00e3o Extraordin\u00e1ria na C\u00e2mara de Meridiano.<\/p>\n<p>A princ\u00edpio ser\u00e1 uma sess\u00e3o pol\u00eamica, trata-se te uma verba &#8220;Suplementar&#8221;, no valor de R$ 1.800.000.00 (Um milh\u00e3o e oitocentos mil reais), deste valor, R$ 1.329.000.00 \u00e9 para folha de pagamento, restante ser\u00e1 para insumos entre setores.<\/p>\n<p>Na sess\u00e3o &#8220;Ordin\u00e1ria&#8221; que ocorreu est\u00e1 semana, os 9 vereadores optaram por tirar de &#8220;pauta&#8221; o\u00a0 respectivo projeto, decidiram discutir melhor sobre o assunto antes de votar.<\/p>\n<p>Este valor j\u00e1 tem em caixa, que \u00e9 o Superavit prim\u00e1rio (resultado positivo de todas as receitas e despesas), por\u00e9m, \u00e9 necess\u00e1rio uma &#8220;Dota\u00e7\u00e3o Or\u00e7ament\u00e1ria&#8221;, que \u00e9 a aprova\u00e7\u00e3o dos vereadores, ou seja, uma autoriza\u00e7\u00e3o para usar este valor.<\/p>\n<p><em><strong>Entenda<\/strong><\/em><\/p>\n<p>Os vereadores reivindicam a separa\u00e7\u00e3o &#8220;detalhada&#8221; de todos os gastos. O intuito \u00e9 saber pra onde vai estes R$ 1.800,000,00 (Um milh\u00e3o e oitocentos mil reais), seja para pagamento da folha, sa\u00fade entre outros, alguns vereadores est\u00e3o preocupados, j\u00e1 que estamos em \u00e9poca de campanha, por isso est\u00e3o com &#8220;cautela&#8221; em aprovar este montante consideravelmente alto.<\/p>\n<p>Caso est\u00e1 suplementa\u00e7\u00e3o de verba n\u00e3o seja aprovada hoje, os funcion\u00e1rios p\u00fablicos n\u00e3o receber\u00e3o sal\u00e1rio este m\u00eas, tamb\u00e9m poder\u00e1 afetar \u00f4nibus entre outros setores.<\/p>\n<p>A sess\u00e3o ser\u00e1 as 18h de hoje (dia 08).<\/p>\n<figure id=\"attachment_914\" aria-describedby=\"caption-attachment-914\" style=\"width: 474px\" class=\"wp-caption aligncenter\"><img loading=\"lazy\" decoding=\"async\" class=\"size-full wp-image-914\" src=\"https:\/\/www.merionline.com.br\/noticias\/wp-content\/uploads\/2020\/03\/WhatsApp-Image-2020-03-17-at-18.39.59-3.jpeg\" alt=\"\" width=\"474\" height=\"381\" srcset=\"https:\/\/www.merionline.com.br\/noticias\/wp-content\/uploads\/2020\/03\/WhatsApp-Image-2020-03-17-at-18.39.59-3.jpeg 474w, https:\/\/www.merionline.com.br\/noticias\/wp-content\/uploads\/2020\/03\/WhatsApp-Image-2020-03-17-at-18.39.59-3-300x241.jpeg 300w\" sizes=\"(max-width: 474px) 100vw, 474px\" \/><figcaption id=\"caption-attachment-914\" class=\"wp-caption-text\">PUBLICIDADE &#8211; ANUNCIE AQUI<\/figcaption><\/figure>\n","protected":false},"excerpt":{"rendered":"<p>Hoje tem sess\u00e3o Extraordin\u00e1ria na C\u00e2mara de Meridiano. A princ\u00edpio ser\u00e1 uma sess\u00e3o pol\u00eamica, trata-se te uma verba &#8220;Suplementar&#8221;, no valor de R$ 1.800.000.00 (Um milh\u00e3o e oitocentos mil reais), deste valor, R$ 1.329.000.00 \u00e9 para folha de pagamento, restante ser\u00e1 para insumos entre setores. Na sess\u00e3o &#8220;Ordin\u00e1ria&#8221; que ocorreu est\u00e1 semana, os 9 vereadores [&hellip;]<\/p>\n","protected":false},"author":1,"featured_media":1192,"comment_status":"open","ping_status":"open","sticky":false,"template":"","format":"standard","meta":{"footnotes":""},"categories":[3,6],"tags":[],"_links":{"self":[{"href":"https:\/\/www.merionline.com.br\/noticias\/wp-json\/wp\/v2\/posts\/1191"}],"collection":[{"href":"https:\/\/www.merionline.com.br\/noticias\/wp-json\/wp\/v2\/posts"}],"about":[{"href":"https:\/\/www.merionline.com.br\/noticias\/wp-json\/wp\/v2\/types\/post"}],"author":[{"embeddable":true,"href":"https:\/\/www.merionline.com.br\/noticias\/wp-json\/wp\/v2\/users\/1"}],"replies":[{"embeddable":true,"href":"https:\/\/www.merionline.com.br\/noticias\/wp-json\/wp\/v2\/comments?post=1191"}],"version-history":[{"count":2,"href":"https:\/\/www.merionline.com.br\/noticias\/wp-json\/wp\/v2\/posts\/1191\/revisions"}],"predecessor-version":[{"id":1194,"href":"https:\/\/www.merionline.com.br\/noticias\/wp-json\/wp\/v2\/posts\/1191\/revisions\/1194"}],"wp:featuredmedia":[{"embeddable":true,"href":"https:\/\/www.merionline.com.br\/noticias\/wp-json\/wp\/v2\/media\/1192"}],"wp:attachment":[{"href":"https:\/\/www.merionline.com.br\/noticias\/wp-json\/wp\/v2\/media?parent=1191"}],"wp:term":[{"taxonomy":"category","embeddable":true,"href":"https:\/\/www.merionline.com.br\/noticias\/wp-json\/wp\/v2\/categories?post=1191"},{"taxonomy":"post_tag","embeddable":true,"href":"https:\/\/www.merionline.com.br\/noticias\/wp-json\/wp\/v2\/tags?post=1191"}],"curies":[{"name":"wp","href":"https:\/\/api.w.org\/{rel}","templated":true}]}}