{"id":1195,"date":"2020-10-08T16:24:03","date_gmt":"2020-10-08T19:24:03","guid":{"rendered":"http:\/\/www.merionline.com.br\/noticias\/?p=1195"},"modified":"2020-10-08T16:24:03","modified_gmt":"2020-10-08T19:24:03","slug":"vereador-irceu-fagundes-renuncia-a-candidatura-a-reeleicao-para-vereador","status":"publish","type":"post","link":"https:\/\/www.merionline.com.br\/noticias\/vereador-irceu-fagundes-renuncia-a-candidatura-a-reeleicao-para-vereador\/","title":{"rendered":"Vereador Irceu Fagundes renuncia a candidatura \u00e0 reelei\u00e7\u00e3o para vereador"},"content":{"rendered":"<p>Irceu Fagundes, vereador a 2 anos na cidade de Meridiano, renunciou est\u00e1 semana ao pleito de vereador (reelei\u00e7\u00e3o).<\/p>\n<p>Irceu disse a reportagem do Merionline, que os motivos da renuncia \u00e9 &#8220;Sa\u00fade&#8221;, alguns meses ele vem enfrentando fortes dores na coluna, existe uma grande chance de ter que fazer uma cirurgia, impossibilitando o candidato em fazer sua campanha, diante disso, optou pela renuncia a reelei\u00e7\u00e3o, &#8211; <em>&#8220;Vou continuar meu mandato eletivo normalmente , apenas deixo de concorrer a est\u00e1 elei\u00e7\u00e3o por motivos de sa\u00fade mesmo&#8221;,<\/em> destacou ele.<\/p>\n<p>Irceu j\u00e1 foi prefeito de Meridiano por 2 vezes e inclusive vice prefeito, e atualmente \u00e9 vereador at\u00e9 final de 2020.<\/p>\n","protected":false},"excerpt":{"rendered":"<p>Irceu Fagundes, vereador a 2 anos na cidade de Meridiano, renunciou est\u00e1 semana ao pleito de vereador (reelei\u00e7\u00e3o). Irceu disse a reportagem do Merionline, que os motivos da renuncia \u00e9 &#8220;Sa\u00fade&#8221;, alguns meses ele vem enfrentando fortes dores na coluna, existe uma grande chance de ter que fazer uma cirurgia, impossibilitando o candidato em fazer [&hellip;]<\/p>\n","protected":false},"author":1,"featured_media":921,"comment_status":"open","ping_status":"open","sticky":false,"template":"","format":"standard","meta":{"footnotes":""},"categories":[3],"tags":[],"_links":{"self":[{"href":"https:\/\/www.merionline.com.br\/noticias\/wp-json\/wp\/v2\/posts\/1195"}],"collection":[{"href":"https:\/\/www.merionline.com.br\/noticias\/wp-json\/wp\/v2\/posts"}],"about":[{"href":"https:\/\/www.merionline.com.br\/noticias\/wp-json\/wp\/v2\/types\/post"}],"author":[{"embeddable":true,"href":"https:\/\/www.merionline.com.br\/noticias\/wp-json\/wp\/v2\/users\/1"}],"replies":[{"embeddable":true,"href":"https:\/\/www.merionline.com.br\/noticias\/wp-json\/wp\/v2\/comments?post=1195"}],"version-history":[{"count":1,"href":"https:\/\/www.merionline.com.br\/noticias\/wp-json\/wp\/v2\/posts\/1195\/revisions"}],"predecessor-version":[{"id":1196,"href":"https:\/\/www.merionline.com.br\/noticias\/wp-json\/wp\/v2\/posts\/1195\/revisions\/1196"}],"wp:featuredmedia":[{"embeddable":true,"href":"https:\/\/www.merionline.com.br\/noticias\/wp-json\/wp\/v2\/media\/921"}],"wp:attachment":[{"href":"https:\/\/www.merionline.com.br\/noticias\/wp-json\/wp\/v2\/media?parent=1195"}],"wp:term":[{"taxonomy":"category","embeddable":true,"href":"https:\/\/www.merionline.com.br\/noticias\/wp-json\/wp\/v2\/categories?post=1195"},{"taxonomy":"post_tag","embeddable":true,"href":"https:\/\/www.merionline.com.br\/noticias\/wp-json\/wp\/v2\/tags?post=1195"}],"curies":[{"name":"wp","href":"https:\/\/api.w.org\/{rel}","templated":true}]}}