{"id":1201,"date":"2020-12-17T08:53:55","date_gmt":"2020-12-17T11:53:55","guid":{"rendered":"http:\/\/www.merionline.com.br\/noticias\/?p=1201"},"modified":"2020-12-17T10:08:38","modified_gmt":"2020-12-17T13:08:38","slug":"secretario-da-saude-de-meridiano-alex-garcia-pediu-afastamento","status":"publish","type":"post","link":"https:\/\/www.merionline.com.br\/noticias\/secretario-da-saude-de-meridiano-alex-garcia-pediu-afastamento\/","title":{"rendered":"Secret\u00e1rio da Sa\u00fade de Meridiano, Alex Garcia, pediu afastamento"},"content":{"rendered":"<p>Secret\u00e1rio da Sa\u00fade de Meridiano, o Sr\u00ba Alex Garcia, pediu afastamento no \u00faltimo dia 15. Alex informou para nossa reda\u00e7\u00e3o, que os motivos pelo qual pediu afastamento, foram problemas de sa\u00fade.<\/p>\n<p>Alex Garcia ficou \u00e0 frente da sa\u00fade de Meridiano por 13 meses, neste tempo todo recebeu dezenas de elogios pelo seu trabalho, esteve a frente na cria\u00e7\u00e3o da central da Covid-19, nos monitoramentos nas principais entradas da cidade entre outros fatores que fizeram sua trajet\u00f3ria ser positiva.<\/p>\n<figure id=\"attachment_914\" aria-describedby=\"caption-attachment-914\" style=\"width: 474px\" class=\"wp-caption aligncenter\"><img loading=\"lazy\" decoding=\"async\" class=\"size-full wp-image-914\" src=\"https:\/\/www.merionline.com.br\/noticias\/wp-content\/uploads\/2020\/03\/WhatsApp-Image-2020-03-17-at-18.39.59-3.jpeg\" alt=\"\" width=\"474\" height=\"381\" srcset=\"https:\/\/www.merionline.com.br\/noticias\/wp-content\/uploads\/2020\/03\/WhatsApp-Image-2020-03-17-at-18.39.59-3.jpeg 474w, https:\/\/www.merionline.com.br\/noticias\/wp-content\/uploads\/2020\/03\/WhatsApp-Image-2020-03-17-at-18.39.59-3-300x241.jpeg 300w\" sizes=\"(max-width: 474px) 100vw, 474px\" \/><figcaption id=\"caption-attachment-914\" class=\"wp-caption-text\">PUBLICIDADE &#8211; ANUNCIE AQUI<\/figcaption><\/figure>\n<p>Quem ir\u00e1 responder pela sa\u00fade a partir de agora interinamente, \u00e9 a funcion\u00e1ria Aparecida Belini Generato (agente coordenadora de sa\u00fade), conhecida como &#8220;Cidinha&#8221;, ela ser\u00e1 a respons\u00e1vel pela sa\u00fade at\u00e9 que a pr\u00f3xima administra\u00e7\u00e3o aponte outro nome.<\/p>\n<p>Cidinha j\u00e1 foi diretora da sa\u00fade em outras administra\u00e7\u00f5es, segundo Alex Garcia, ela est\u00e1 apta para dar continuidade nos pr\u00f3ximos dias.<\/p>\n<p><em><span style=\"color: #999999;\">Mat\u00e9ria: Por Paulo Rog\u00e9rio<\/span><\/em><\/p>\n","protected":false},"excerpt":{"rendered":"<p>Secret\u00e1rio da Sa\u00fade de Meridiano, o Sr\u00ba Alex Garcia, pediu afastamento no \u00faltimo dia 15. Alex informou para nossa reda\u00e7\u00e3o, que os motivos pelo qual pediu afastamento, foram problemas de sa\u00fade. Alex Garcia ficou \u00e0 frente da sa\u00fade de Meridiano por 13 meses, neste tempo todo recebeu dezenas de elogios pelo seu trabalho, esteve a [&hellip;]<\/p>\n","protected":false},"author":1,"featured_media":1204,"comment_status":"open","ping_status":"open","sticky":false,"template":"","format":"standard","meta":{"footnotes":""},"categories":[3,6],"tags":[],"_links":{"self":[{"href":"https:\/\/www.merionline.com.br\/noticias\/wp-json\/wp\/v2\/posts\/1201"}],"collection":[{"href":"https:\/\/www.merionline.com.br\/noticias\/wp-json\/wp\/v2\/posts"}],"about":[{"href":"https:\/\/www.merionline.com.br\/noticias\/wp-json\/wp\/v2\/types\/post"}],"author":[{"embeddable":true,"href":"https:\/\/www.merionline.com.br\/noticias\/wp-json\/wp\/v2\/users\/1"}],"replies":[{"embeddable":true,"href":"https:\/\/www.merionline.com.br\/noticias\/wp-json\/wp\/v2\/comments?post=1201"}],"version-history":[{"count":4,"href":"https:\/\/www.merionline.com.br\/noticias\/wp-json\/wp\/v2\/posts\/1201\/revisions"}],"predecessor-version":[{"id":1226,"href":"https:\/\/www.merionline.com.br\/noticias\/wp-json\/wp\/v2\/posts\/1201\/revisions\/1226"}],"wp:featuredmedia":[{"embeddable":true,"href":"https:\/\/www.merionline.com.br\/noticias\/wp-json\/wp\/v2\/media\/1204"}],"wp:attachment":[{"href":"https:\/\/www.merionline.com.br\/noticias\/wp-json\/wp\/v2\/media?parent=1201"}],"wp:term":[{"taxonomy":"category","embeddable":true,"href":"https:\/\/www.merionline.com.br\/noticias\/wp-json\/wp\/v2\/categories?post=1201"},{"taxonomy":"post_tag","embeddable":true,"href":"https:\/\/www.merionline.com.br\/noticias\/wp-json\/wp\/v2\/tags?post=1201"}],"curies":[{"name":"wp","href":"https:\/\/api.w.org\/{rel}","templated":true}]}}