{"id":1208,"date":"2020-12-17T09:35:32","date_gmt":"2020-12-17T12:35:32","guid":{"rendered":"http:\/\/www.merionline.com.br\/noticias\/?p=1208"},"modified":"2020-12-17T10:09:15","modified_gmt":"2020-12-17T13:09:15","slug":"emei-dolores-maria-torrente-recebera-verba-de-r-200-mil-da-dep-renata-de-abreu","status":"publish","type":"post","link":"https:\/\/www.merionline.com.br\/noticias\/emei-dolores-maria-torrente-recebera-verba-de-r-200-mil-da-dep-renata-de-abreu\/","title":{"rendered":"EMEI DOLORES MARIA TORRENTE receber\u00e1 verba de R$ 200 mil da Dep. Renata de Abreu"},"content":{"rendered":"<div dir=\"auto\">\n<p>Deputada Federal e presidente Nacional do partido &#8220;PODEMOS&#8221;, Renata de Abreu, destinou uma verba de R$ 200.000,00 (Duzentos mil reais) para Educa\u00e7\u00e3o de Meridiano, mais precisamente ser\u00e1 usada na amplia\u00e7\u00e3o da Emei Dolores Maria Torrente.<\/p>\n<p>Este valor ser\u00e1 usado na constru\u00e7\u00e3o de mais 2 salas de aula para aumentar e suprir as necessidades do alunos.<\/p>\n<\/div>\n<div dir=\"auto\"><\/div>\n<blockquote>\n<div dir=\"auto\">OR\u00c7AMENTO 2020<br \/>\nRECURSO EXTRA<br \/>\nMINIST\u00c9RIO DA EDUCA\u00c7\u00c3O<br \/>\nBENEFICI\u00c1RIO: PREFEITURA DE MERIDIANO<br \/>\nVALOR: 200.000,00<br \/>\nOBJETO: AMPLIA\u00c7\u00c3O DE CRECHE<\/div>\n<\/blockquote>\n<p>A reinvindica\u00e7\u00e3o foi feita atrav\u00e9s de of\u00edcio pelo Prefeito Maicon Fabiano em Outubro e prontamente foi atendido com est\u00e1 verba para cidade de Meridiano. &#8220;<span style=\"color: #999999;\"><em>Mesmo n\u00e3o estando mais \u00e0 frente da administra\u00e7\u00e3o da prefeitura de Meridiano, quero deixar o m\u00e1ximo de recursos para a prefeita eleita no exerc\u00edcio de 2021~2024, ser\u00e3o mais de 1 milh\u00e3o de reais que est\u00e3o garantidos para 2021<\/em><\/span>&#8220;, destacou Maicon.<\/p>\n<figure id=\"attachment_1224\" aria-describedby=\"caption-attachment-1224\" style=\"width: 1024px\" class=\"wp-caption aligncenter\"><img loading=\"lazy\" decoding=\"async\" class=\"size-large wp-image-1224\" src=\"https:\/\/www.merionline.com.br\/noticias\/wp-content\/uploads\/2020\/12\/131427236_991922061300717_4666217802103682189_o-1024x626.jpg\" alt=\"\" width=\"1024\" height=\"626\" srcset=\"https:\/\/www.merionline.com.br\/noticias\/wp-content\/uploads\/2020\/12\/131427236_991922061300717_4666217802103682189_o-1024x626.jpg 1024w, https:\/\/www.merionline.com.br\/noticias\/wp-content\/uploads\/2020\/12\/131427236_991922061300717_4666217802103682189_o-300x183.jpg 300w, https:\/\/www.merionline.com.br\/noticias\/wp-content\/uploads\/2020\/12\/131427236_991922061300717_4666217802103682189_o-768x469.jpg 768w, https:\/\/www.merionline.com.br\/noticias\/wp-content\/uploads\/2020\/12\/131427236_991922061300717_4666217802103682189_o.jpg 1447w\" sizes=\"(max-width: 1024px) 100vw, 1024px\" \/><figcaption id=\"caption-attachment-1224\" class=\"wp-caption-text\">C\u00f3pia do empenho<\/figcaption><\/figure>\n<p>Cabe agora a pr\u00f3xima gest\u00e3o dar os pr\u00f3ximos passos e receber estes valores para os cofres p\u00fablicos da prefeitura e dar seguimento as obras.<\/p>\n<p><img loading=\"lazy\" decoding=\"async\" class=\"aligncenter size-full wp-image-912\" src=\"https:\/\/www.merionline.com.br\/noticias\/wp-content\/uploads\/2020\/03\/WhatsApp-Image-2020-03-17-at-18.39.59-2.jpeg\" alt=\"\" width=\"474\" height=\"381\" srcset=\"https:\/\/www.merionline.com.br\/noticias\/wp-content\/uploads\/2020\/03\/WhatsApp-Image-2020-03-17-at-18.39.59-2.jpeg 474w, https:\/\/www.merionline.com.br\/noticias\/wp-content\/uploads\/2020\/03\/WhatsApp-Image-2020-03-17-at-18.39.59-2-300x241.jpeg 300w\" sizes=\"(max-width: 474px) 100vw, 474px\" \/><\/p>\n<div dir=\"auto\"><\/div>\n<p><span style=\"color: #999999;\">Mat\u00e9ria: Por Paulo Rog\u00e9rio<\/span><\/p>\n","protected":false},"excerpt":{"rendered":"<p>Deputada Federal e presidente Nacional do partido &#8220;PODEMOS&#8221;, Renata de Abreu, destinou uma verba de R$ 200.000,00 (Duzentos mil reais) para Educa\u00e7\u00e3o de Meridiano, mais precisamente ser\u00e1 usada na amplia\u00e7\u00e3o da Emei Dolores Maria Torrente. Este valor ser\u00e1 usado na constru\u00e7\u00e3o de mais 2 salas de aula para aumentar e suprir as necessidades do alunos. [&hellip;]<\/p>\n","protected":false},"author":1,"featured_media":1209,"comment_status":"open","ping_status":"open","sticky":false,"template":"","format":"standard","meta":{"footnotes":""},"categories":[3,6],"tags":[],"_links":{"self":[{"href":"https:\/\/www.merionline.com.br\/noticias\/wp-json\/wp\/v2\/posts\/1208"}],"collection":[{"href":"https:\/\/www.merionline.com.br\/noticias\/wp-json\/wp\/v2\/posts"}],"about":[{"href":"https:\/\/www.merionline.com.br\/noticias\/wp-json\/wp\/v2\/types\/post"}],"author":[{"embeddable":true,"href":"https:\/\/www.merionline.com.br\/noticias\/wp-json\/wp\/v2\/users\/1"}],"replies":[{"embeddable":true,"href":"https:\/\/www.merionline.com.br\/noticias\/wp-json\/wp\/v2\/comments?post=1208"}],"version-history":[{"count":13,"href":"https:\/\/www.merionline.com.br\/noticias\/wp-json\/wp\/v2\/posts\/1208\/revisions"}],"predecessor-version":[{"id":1227,"href":"https:\/\/www.merionline.com.br\/noticias\/wp-json\/wp\/v2\/posts\/1208\/revisions\/1227"}],"wp:featuredmedia":[{"embeddable":true,"href":"https:\/\/www.merionline.com.br\/noticias\/wp-json\/wp\/v2\/media\/1209"}],"wp:attachment":[{"href":"https:\/\/www.merionline.com.br\/noticias\/wp-json\/wp\/v2\/media?parent=1208"}],"wp:term":[{"taxonomy":"category","embeddable":true,"href":"https:\/\/www.merionline.com.br\/noticias\/wp-json\/wp\/v2\/categories?post=1208"},{"taxonomy":"post_tag","embeddable":true,"href":"https:\/\/www.merionline.com.br\/noticias\/wp-json\/wp\/v2\/tags?post=1208"}],"curies":[{"name":"wp","href":"https:\/\/api.w.org\/{rel}","templated":true}]}}