{"id":1228,"date":"2020-12-13T10:09:56","date_gmt":"2020-12-13T13:09:56","guid":{"rendered":"http:\/\/www.merionline.com.br\/noticias\/?p=1228"},"modified":"2020-12-17T10:11:58","modified_gmt":"2020-12-17T13:11:58","slug":"ministerio-publico-recomenda-a-suspensao-do-concurso-001-2020-de-meridiano-por-indicios-de-irregularidades","status":"publish","type":"post","link":"https:\/\/www.merionline.com.br\/noticias\/ministerio-publico-recomenda-a-suspensao-do-concurso-001-2020-de-meridiano-por-indicios-de-irregularidades\/","title":{"rendered":"Minist\u00e9rio P\u00fablico recomenda a suspens\u00e3o do Concurso 001\/2020 de Meridiano por ind\u00edcios de irregularidades."},"content":{"rendered":"<div class=\"o9v6fnle cxmmr5t8 oygrvhab hcukyx3x c1et5uql ii04i59q\">\n<div dir=\"auto\">Minist\u00e9rio P\u00fablico recomenda a suspens\u00e3o do Concurso 001\/2020 de Meridiano por ind\u00edcios de irregularidades.<\/p>\n<p><span style=\"text-transform: initial;\">O Minist\u00e9rio Publico do Estado de S\u00e3o Paulo, emitiu uma recomenda\u00e7\u00e3o \u00e0 Prefeitura Municipal de Meridiano, para que suspenda at\u00e9 segunda ordem, o concurso p\u00fablico que vem sendo realizado no Munic\u00edpio.<\/p>\n<p><\/span><span style=\"text-transform: initial;\">Segundo o Promotor de Justi\u00e7a, Daniel Azadinho Palmezan Calderaro, o Minist\u00e9rio Publico tomou conhecimento atrav\u00e9s de v\u00e1rias den\u00fancias de que h\u00e1 ind\u00edcios fortes de irregularidades no certame, e que, at\u00e9 o final das investiga\u00e7\u00f5es, recomenda que os efeitos do concurso sejam suspensos com a n\u00e3o &#8220;homologa\u00e7\u00e3o&#8221; e a n\u00e3o nomea\u00e7\u00e3o de candidatos aprovados.<\/p>\n<p><\/span><span style=\"text-transform: initial;\">Al\u00e9m disso, segundo o Promotor, h\u00e1 suspeitas de irregularidades tamb\u00e9m na empresa contratada para aplicar a prova, pois a mesma n\u00e3o possui registro na JUCESP (Junta Comercial do Estado de S\u00e3o Paulo), que lhe autorize a realizar concursos e que, a empresa citada ainda possui investiga\u00e7\u00f5es sobre outras poss\u00edveis fraudes em outros Munic\u00edpios.<\/p>\n<p><\/span><span style=\"text-transform: initial;\">A prefeitura municipal ter\u00e1 o prazo de 5 dias para emitir uma resposta \u00e0 orienta\u00e7\u00e3o, podendo, caso contr\u00e1rio, sofrer algumas medidas judiciais com uma poss\u00edvel A\u00e7\u00e3o Civil P\u00fablica contra os respons\u00e1veis pela aplica\u00e7\u00e3o do concurso.<\/span><\/div>\n<\/div>\n","protected":false},"excerpt":{"rendered":"<p>Minist\u00e9rio P\u00fablico recomenda a suspens\u00e3o do Concurso 001\/2020 de Meridiano por ind\u00edcios de irregularidades. O Minist\u00e9rio Publico do Estado de S\u00e3o Paulo, emitiu uma recomenda\u00e7\u00e3o \u00e0 Prefeitura Municipal de Meridiano, para que suspenda at\u00e9 segunda ordem, o concurso p\u00fablico que vem sendo realizado no Munic\u00edpio. Segundo o Promotor de Justi\u00e7a, Daniel Azadinho Palmezan Calderaro, o [&hellip;]<\/p>\n","protected":false},"author":1,"featured_media":986,"comment_status":"open","ping_status":"open","sticky":false,"template":"","format":"standard","meta":{"footnotes":""},"categories":[3,6],"tags":[],"_links":{"self":[{"href":"https:\/\/www.merionline.com.br\/noticias\/wp-json\/wp\/v2\/posts\/1228"}],"collection":[{"href":"https:\/\/www.merionline.com.br\/noticias\/wp-json\/wp\/v2\/posts"}],"about":[{"href":"https:\/\/www.merionline.com.br\/noticias\/wp-json\/wp\/v2\/types\/post"}],"author":[{"embeddable":true,"href":"https:\/\/www.merionline.com.br\/noticias\/wp-json\/wp\/v2\/users\/1"}],"replies":[{"embeddable":true,"href":"https:\/\/www.merionline.com.br\/noticias\/wp-json\/wp\/v2\/comments?post=1228"}],"version-history":[{"count":1,"href":"https:\/\/www.merionline.com.br\/noticias\/wp-json\/wp\/v2\/posts\/1228\/revisions"}],"predecessor-version":[{"id":1229,"href":"https:\/\/www.merionline.com.br\/noticias\/wp-json\/wp\/v2\/posts\/1228\/revisions\/1229"}],"wp:featuredmedia":[{"embeddable":true,"href":"https:\/\/www.merionline.com.br\/noticias\/wp-json\/wp\/v2\/media\/986"}],"wp:attachment":[{"href":"https:\/\/www.merionline.com.br\/noticias\/wp-json\/wp\/v2\/media?parent=1228"}],"wp:term":[{"taxonomy":"category","embeddable":true,"href":"https:\/\/www.merionline.com.br\/noticias\/wp-json\/wp\/v2\/categories?post=1228"},{"taxonomy":"post_tag","embeddable":true,"href":"https:\/\/www.merionline.com.br\/noticias\/wp-json\/wp\/v2\/tags?post=1228"}],"curies":[{"name":"wp","href":"https:\/\/api.w.org\/{rel}","templated":true}]}}