{"id":1231,"date":"2020-12-19T19:41:28","date_gmt":"2020-12-19T22:41:28","guid":{"rendered":"http:\/\/www.merionline.com.br\/noticias\/?p=1231"},"modified":"2020-12-19T19:44:59","modified_gmt":"2020-12-19T22:44:59","slug":"camara-municipal-de-meridiano-comprou-um-veiculo-0km","status":"publish","type":"post","link":"https:\/\/www.merionline.com.br\/noticias\/camara-municipal-de-meridiano-comprou-um-veiculo-0km\/","title":{"rendered":"C\u00e2mara Municipal de Meridiano comprou um ve\u00edculo 0km"},"content":{"rendered":"<p><span style=\"text-transform: initial;\">O Presidente da C\u00e2mara de Meridiano, Sr\u00ba Jo\u00e3o Binhardi, comprou nesta semana, um ve\u00edculo 0km (Corolla autom\u00e1tico) no valor de R$ 120.000,00 (cento e vinte mil reais).<\/span><\/p>\n<p>Segundo o presidente, a compra deste ve\u00edculo \u00e9 de extrema import\u00e2ncia para o Legislativo, os vereadores poder\u00e3o buscar recursos em S\u00e3o Paulo e em Bras\u00edlia. &#8220;<em>Neste ano de 2020, as viagens que os nobres vereadores fizeram para capital, somaram mais de R$ 1.000,000,00 (um milh\u00e3o de reais) de recursos para o munic\u00edpio. Com este ve\u00edculo, ser\u00e1 poss\u00edvel buscar ainda mais<\/em>&#8220;, afirmou Binhardi.<\/p>\n<p>O valor gasto com este ve\u00edculo, \u00e9 decorrente da economia que foi feita neste ano de 2020.<\/p>\n<p>A C\u00e2mara tem um or\u00e7amento de aproximadamente R$ 980.000,00 (novecentos e oitenta mil reais), este valor \u00e9 para pagar os sal\u00e1rios dos vereadores, funcion\u00e1rios e despesas da C\u00e2mara. Geralmente uma parte acaba sobrando e os presidentes costumam devolver para os cofres p\u00fablicos da cidade.<\/p>\n<p><strong>Entenda;<\/strong><\/p>\n<p>Quando a C\u00e2mara n\u00e3o gasta o valor total de seu or\u00e7amento anual, o valor \u00e9 devolvido para prefeitura, chamado de (Duod\u00e9cimo). O Presidente Jo\u00e3o Binhardi, j\u00e1 havia devolvido em outubro, R$ 80.000,00 (oitenta mil reais), onde parte deste recurso foram gastos com mobilidade urbana, exemplo o estacionamento na pra\u00e7a da Matriz.<\/p>\n<p>O valor de R$ 120.000.00 (cento e vinte mil reais) tamb\u00e9m seria devolvido aos cofres em forma de Duod\u00e9cimo, por\u00e9m, o presidente achou melhor investir em um ve\u00edculo para a C\u00e2mara Municipal e com isso facilitar a busca de recursos.<\/p>\n<p><span style=\"text-transform: initial;\">Atualmente, a C\u00e2mara de Meridiano \u00e9 uma das poucas no Pa\u00eds que n\u00e3o possuem carro pr\u00f3prio, segundo o presidente, \u00e9 de extrema necessidade para facilitar as viagens dos vereadores e funcion\u00e1rios da C\u00e2mara.<\/span><\/p>\n","protected":false},"excerpt":{"rendered":"<p>O Presidente da C\u00e2mara de Meridiano, Sr\u00ba Jo\u00e3o Binhardi, comprou nesta semana, um ve\u00edculo 0km (Corolla autom\u00e1tico) no valor de R$ 120.000,00 (cento e vinte mil reais). Segundo o presidente, a compra deste ve\u00edculo \u00e9 de extrema import\u00e2ncia para o Legislativo, os vereadores poder\u00e3o buscar recursos em S\u00e3o Paulo e em Bras\u00edlia. &#8220;Neste ano de [&hellip;]<\/p>\n","protected":false},"author":1,"featured_media":1232,"comment_status":"open","ping_status":"open","sticky":false,"template":"","format":"standard","meta":{"footnotes":""},"categories":[3,6],"tags":[],"_links":{"self":[{"href":"https:\/\/www.merionline.com.br\/noticias\/wp-json\/wp\/v2\/posts\/1231"}],"collection":[{"href":"https:\/\/www.merionline.com.br\/noticias\/wp-json\/wp\/v2\/posts"}],"about":[{"href":"https:\/\/www.merionline.com.br\/noticias\/wp-json\/wp\/v2\/types\/post"}],"author":[{"embeddable":true,"href":"https:\/\/www.merionline.com.br\/noticias\/wp-json\/wp\/v2\/users\/1"}],"replies":[{"embeddable":true,"href":"https:\/\/www.merionline.com.br\/noticias\/wp-json\/wp\/v2\/comments?post=1231"}],"version-history":[{"count":1,"href":"https:\/\/www.merionline.com.br\/noticias\/wp-json\/wp\/v2\/posts\/1231\/revisions"}],"predecessor-version":[{"id":1233,"href":"https:\/\/www.merionline.com.br\/noticias\/wp-json\/wp\/v2\/posts\/1231\/revisions\/1233"}],"wp:featuredmedia":[{"embeddable":true,"href":"https:\/\/www.merionline.com.br\/noticias\/wp-json\/wp\/v2\/media\/1232"}],"wp:attachment":[{"href":"https:\/\/www.merionline.com.br\/noticias\/wp-json\/wp\/v2\/media?parent=1231"}],"wp:term":[{"taxonomy":"category","embeddable":true,"href":"https:\/\/www.merionline.com.br\/noticias\/wp-json\/wp\/v2\/categories?post=1231"},{"taxonomy":"post_tag","embeddable":true,"href":"https:\/\/www.merionline.com.br\/noticias\/wp-json\/wp\/v2\/tags?post=1231"}],"curies":[{"name":"wp","href":"https:\/\/api.w.org\/{rel}","templated":true}]}}