{"id":1300,"date":"2021-01-14T17:22:02","date_gmt":"2021-01-14T20:22:02","guid":{"rendered":"http:\/\/www.merionline.com.br\/noticias\/?p=1300"},"modified":"2021-01-14T17:27:57","modified_gmt":"2021-01-14T20:27:57","slug":"vandalismo-no-parque-do-povo-de-meridiano","status":"publish","type":"post","link":"https:\/\/www.merionline.com.br\/noticias\/vandalismo-no-parque-do-povo-de-meridiano\/","title":{"rendered":"Vandalismo no parque do povo de Meridiano!"},"content":{"rendered":"<p>Postes dos alambrados foram derrubados por v\u00e2ndalos na noite passada. A prefeitura de Meridiano est\u00e1 tomando as devidas provid\u00eancias e ir\u00e1 abrir um boletim de ocorr\u00eancia para apurar os fatos.<\/p>\n<p>V\u00e1rios &#8220;postes&#8221; foram arrancados e alguns quebrados na noite anterior, possivelmente de madrugada. Os postes foram colocados recentemente para fixar os &#8220;alambrados&#8221;, (cerca) que ser\u00e1 colocada em volta do parque.<\/p>\n<p>A pol\u00edcia poder\u00e1 abrir uma investiga\u00e7\u00e3o sobre o ocorrido. C\u00e2meras de seguran\u00e7as pr\u00f3ximo ao local poder\u00e1 ajudar encontrar os autores.<\/p>\n<p><strong>O que pode acontecer<\/strong><\/p>\n<p>Caso seja descoberto o respons\u00e1vel pelo ato de vandalismo, poder\u00e1 responder por &#8220;Crime ao patrim\u00f4nio p\u00fablico&#8221;, e poder\u00e1 pegar de 6 a 3 anos de deten\u00e7\u00e3o.<\/p>\n<p><img loading=\"lazy\" decoding=\"async\" class=\"aligncenter size-full wp-image-1302\" src=\"https:\/\/www.merionline.com.br\/noticias\/wp-content\/uploads\/2021\/01\/WhatsApp-Image-2021-01-14-at-16.51.19-1.jpeg\" alt=\"\" width=\"720\" height=\"313\" srcset=\"https:\/\/www.merionline.com.br\/noticias\/wp-content\/uploads\/2021\/01\/WhatsApp-Image-2021-01-14-at-16.51.19-1.jpeg 720w, https:\/\/www.merionline.com.br\/noticias\/wp-content\/uploads\/2021\/01\/WhatsApp-Image-2021-01-14-at-16.51.19-1-300x130.jpeg 300w\" sizes=\"(max-width: 720px) 100vw, 720px\" \/><\/p>\n","protected":false},"excerpt":{"rendered":"<p>Postes dos alambrados foram derrubados por v\u00e2ndalos na noite passada. A prefeitura de Meridiano est\u00e1 tomando as devidas provid\u00eancias e ir\u00e1 abrir um boletim de ocorr\u00eancia para apurar os fatos. V\u00e1rios &#8220;postes&#8221; foram arrancados e alguns quebrados na noite anterior, possivelmente de madrugada. Os postes foram colocados recentemente para fixar os &#8220;alambrados&#8221;, (cerca) que ser\u00e1 [&hellip;]<\/p>\n","protected":false},"author":1,"featured_media":1301,"comment_status":"open","ping_status":"open","sticky":false,"template":"","format":"standard","meta":{"footnotes":""},"categories":[3],"tags":[],"_links":{"self":[{"href":"https:\/\/www.merionline.com.br\/noticias\/wp-json\/wp\/v2\/posts\/1300"}],"collection":[{"href":"https:\/\/www.merionline.com.br\/noticias\/wp-json\/wp\/v2\/posts"}],"about":[{"href":"https:\/\/www.merionline.com.br\/noticias\/wp-json\/wp\/v2\/types\/post"}],"author":[{"embeddable":true,"href":"https:\/\/www.merionline.com.br\/noticias\/wp-json\/wp\/v2\/users\/1"}],"replies":[{"embeddable":true,"href":"https:\/\/www.merionline.com.br\/noticias\/wp-json\/wp\/v2\/comments?post=1300"}],"version-history":[{"count":4,"href":"https:\/\/www.merionline.com.br\/noticias\/wp-json\/wp\/v2\/posts\/1300\/revisions"}],"predecessor-version":[{"id":1306,"href":"https:\/\/www.merionline.com.br\/noticias\/wp-json\/wp\/v2\/posts\/1300\/revisions\/1306"}],"wp:featuredmedia":[{"embeddable":true,"href":"https:\/\/www.merionline.com.br\/noticias\/wp-json\/wp\/v2\/media\/1301"}],"wp:attachment":[{"href":"https:\/\/www.merionline.com.br\/noticias\/wp-json\/wp\/v2\/media?parent=1300"}],"wp:term":[{"taxonomy":"category","embeddable":true,"href":"https:\/\/www.merionline.com.br\/noticias\/wp-json\/wp\/v2\/categories?post=1300"},{"taxonomy":"post_tag","embeddable":true,"href":"https:\/\/www.merionline.com.br\/noticias\/wp-json\/wp\/v2\/tags?post=1300"}],"curies":[{"name":"wp","href":"https:\/\/api.w.org\/{rel}","templated":true}]}}