{"id":1309,"date":"2021-01-22T12:21:22","date_gmt":"2021-01-22T15:21:22","guid":{"rendered":"http:\/\/www.merionline.com.br\/noticias\/?p=1309"},"modified":"2021-01-22T12:59:39","modified_gmt":"2021-01-22T15:59:39","slug":"prefeitura-de-meridiano-aciona-gerente-da-cdhu-para-discutir-assuntos-pertinentes-a-entrega-das-casas","status":"publish","type":"post","link":"https:\/\/www.merionline.com.br\/noticias\/prefeitura-de-meridiano-aciona-gerente-da-cdhu-para-discutir-assuntos-pertinentes-a-entrega-das-casas\/","title":{"rendered":"Prefeitura de Meridiano aciona Gerente da CDHU para discutir assuntos pertinentes a entrega das casas"},"content":{"rendered":"<p>Hoje (22), o Gerente regional da CDHU, Sr\u00ba Osvaldo Carvalho, esteve em Meridiano para discutir alguns assuntos relacionados as 180 casas que est\u00e3o sendo constru\u00eddas na cidade. Os motivos principais da reuni\u00e3o \u00e9 abordar assuntos referente a demora na entrega das casas e algumas quest\u00f5es como parcelas altas da cohab Meridiano-E.<\/p>\n<p>A prefeita Marcia Adriano tem demonstrado &#8220;certa&#8221; preocupa\u00e7\u00e3o em ajudar resolver algumas situa\u00e7\u00f5es que a popula\u00e7\u00e3o vem reivindicando a algum tempo, entre as principais reinvindica\u00e7\u00f5es \u00e9 a demora na entrega das casas.<\/p>\n<p>Recentemente, Marcia Adriano nomeou um novo agente da CDHU, o Sr\u00ba Carlinhos Savazzi, ex-vereador de Meridiano. Carlinhos Savazzi j\u00e1 esteve na fun\u00e7\u00e3o de &#8220;agente&#8221; em administra\u00e7\u00f5es passadas, segundo a prefeita, Carlinhos \u00e9 a pessoa certa para cuidar dos assuntos da CDHU.<\/p>\n<p><img loading=\"lazy\" decoding=\"async\" class=\"aligncenter size-large wp-image-1312\" src=\"https:\/\/www.merionline.com.br\/noticias\/wp-content\/uploads\/2021\/01\/xxxxxxx.fw_.png\" alt=\"\" width=\"1000\" height=\"579\" srcset=\"https:\/\/www.merionline.com.br\/noticias\/wp-content\/uploads\/2021\/01\/xxxxxxx.fw_.png 1000w, https:\/\/www.merionline.com.br\/noticias\/wp-content\/uploads\/2021\/01\/xxxxxxx.fw_-300x174.png 300w, https:\/\/www.merionline.com.br\/noticias\/wp-content\/uploads\/2021\/01\/xxxxxxx.fw_-768x445.png 768w\" sizes=\"(max-width: 1000px) 100vw, 1000px\" \/><\/p>\n<p><strong>Entregas n\u00e3o conclu\u00eddas\u00a0<\/strong><\/p>\n<p>Ano passado foi divulgado que as primeiras 60 casas seriam entregues em dezembro de 2020, mais isto n\u00e3o ocorreu. O atraso est\u00e1 diretamente ligada a empresa que ganhou a licita\u00e7\u00e3o para tocar a obra, visando est\u00e1 situa\u00e7\u00e3o, o jur\u00eddico da prefeitura vai enviar um oficio cobrando a finaliza\u00e7\u00e3o da obra o mais r\u00e1pido poss\u00edvel. Em reuni\u00e3o no gabinete da prefeita hoje pela manh\u00e3, foram discutidos alguns assuntos para tentar achar uma solu\u00e7\u00e3o o quanto antes. &#8220;<em>A popula\u00e7\u00e3o precisa destas moradias, \u00e9 uma necessidade, muitas fam\u00edlias pagam aluguel e est\u00e3o ansiosas para entrar o quanto antes na sua\u00a0 primeira casa pr\u00f3pria&#8221;; &#8211;<\/em>\u00a0<strong>Afirmou a Prefeita Marcia.\u00a0<\/strong><\/p>\n<p><strong>Fiscaliza\u00e7\u00e3o<\/strong><\/p>\n<p>Est\u00e1 semana nossa reportagem esteve visitando a obra junto com o presidente da C\u00e2mara Edivan Tonelote, vice prefeito e vereadores, o intuito da visita era obter informa\u00e7\u00f5es do andamento da obra e conferir de perto algumas denuncias de moradores. &#8220;<em>Precisamos tomar uma atitude referente est\u00e1 situa\u00e7\u00e3o, a popula\u00e7\u00e3o n\u00e3o pode ser penalizada por causa de obras atrasadas, vamos fazer nosso papel que \u00e9 fiscalizar e cobrar junto a CDHU uma solu\u00e7\u00e3o<\/em>&#8220;; &#8211; <strong>Destacou o Presidente da C\u00e2mara.\u00a0<\/strong><\/p>\n<figure id=\"attachment_1310\" aria-describedby=\"caption-attachment-1310\" style=\"width: 899px\" class=\"wp-caption aligncenter\"><img loading=\"lazy\" decoding=\"async\" class=\"size-full wp-image-1310\" src=\"https:\/\/www.merionline.com.br\/noticias\/wp-content\/uploads\/2021\/01\/140591616_3219333868167048_6269870575073628397_o.jpg\" alt=\"\" width=\"899\" height=\"350\" srcset=\"https:\/\/www.merionline.com.br\/noticias\/wp-content\/uploads\/2021\/01\/140591616_3219333868167048_6269870575073628397_o.jpg 899w, https:\/\/www.merionline.com.br\/noticias\/wp-content\/uploads\/2021\/01\/140591616_3219333868167048_6269870575073628397_o-300x117.jpg 300w, https:\/\/www.merionline.com.br\/noticias\/wp-content\/uploads\/2021\/01\/140591616_3219333868167048_6269870575073628397_o-768x299.jpg 768w\" sizes=\"(max-width: 899px) 100vw, 899px\" \/><figcaption id=\"caption-attachment-1310\" class=\"wp-caption-text\">Presidente, vice e vereadores visitaram obra<\/figcaption><\/figure>\n<p>Por: Paulo Rog\u00e9rio | Merionline<\/p>\n<p>&nbsp;<\/p>\n","protected":false},"excerpt":{"rendered":"<p>Hoje (22), o Gerente regional da CDHU, Sr\u00ba Osvaldo Carvalho, esteve em Meridiano para discutir alguns assuntos relacionados as 180 casas que est\u00e3o sendo constru\u00eddas na cidade. Os motivos principais da reuni\u00e3o \u00e9 abordar assuntos referente a demora na entrega das casas e algumas quest\u00f5es como parcelas altas da cohab Meridiano-E. A prefeita Marcia Adriano [&hellip;]<\/p>\n","protected":false},"author":1,"featured_media":1311,"comment_status":"open","ping_status":"open","sticky":false,"template":"","format":"standard","meta":{"footnotes":""},"categories":[3,6],"tags":[],"_links":{"self":[{"href":"https:\/\/www.merionline.com.br\/noticias\/wp-json\/wp\/v2\/posts\/1309"}],"collection":[{"href":"https:\/\/www.merionline.com.br\/noticias\/wp-json\/wp\/v2\/posts"}],"about":[{"href":"https:\/\/www.merionline.com.br\/noticias\/wp-json\/wp\/v2\/types\/post"}],"author":[{"embeddable":true,"href":"https:\/\/www.merionline.com.br\/noticias\/wp-json\/wp\/v2\/users\/1"}],"replies":[{"embeddable":true,"href":"https:\/\/www.merionline.com.br\/noticias\/wp-json\/wp\/v2\/comments?post=1309"}],"version-history":[{"count":4,"href":"https:\/\/www.merionline.com.br\/noticias\/wp-json\/wp\/v2\/posts\/1309\/revisions"}],"predecessor-version":[{"id":1317,"href":"https:\/\/www.merionline.com.br\/noticias\/wp-json\/wp\/v2\/posts\/1309\/revisions\/1317"}],"wp:featuredmedia":[{"embeddable":true,"href":"https:\/\/www.merionline.com.br\/noticias\/wp-json\/wp\/v2\/media\/1311"}],"wp:attachment":[{"href":"https:\/\/www.merionline.com.br\/noticias\/wp-json\/wp\/v2\/media?parent=1309"}],"wp:term":[{"taxonomy":"category","embeddable":true,"href":"https:\/\/www.merionline.com.br\/noticias\/wp-json\/wp\/v2\/categories?post=1309"},{"taxonomy":"post_tag","embeddable":true,"href":"https:\/\/www.merionline.com.br\/noticias\/wp-json\/wp\/v2\/tags?post=1309"}],"curies":[{"name":"wp","href":"https:\/\/api.w.org\/{rel}","templated":true}]}}