{"id":1318,"date":"2021-01-29T11:43:00","date_gmt":"2021-01-29T14:43:00","guid":{"rendered":"http:\/\/www.merionline.com.br\/noticias\/?p=1318"},"modified":"2021-01-29T13:57:21","modified_gmt":"2021-01-29T16:57:21","slug":"parque-do-povo-de-meridiano-sera-inaugurado-este-ano","status":"publish","type":"post","link":"https:\/\/www.merionline.com.br\/noticias\/parque-do-povo-de-meridiano-sera-inaugurado-este-ano\/","title":{"rendered":"PARQUE DO POVO DE MERIDIANO SER\u00c1 INAUGURADO ESTE ANO"},"content":{"rendered":"<p>A obra mais esperada de Meridiano &#8220;Parque do povo&#8221;, um projeto criado em 2013, teve inicio em 2017 e dever\u00e1 ser entregue ainda no primeiro semestre deste ano (2021).<\/p>\n<p>A obra j\u00e1 passou por 4 prefeitos, Aristeu criou o projeto em 2013, na sequ\u00eancia, Val Rizzato fez a licita\u00e7\u00e3o para contrata\u00e7\u00e3o da empresa dando in\u00edcio na obra em 2017. Em 2019, na administra\u00e7\u00e3o de Maicon Fabiano, teve in\u00edcio das tratativas para renovar o Conv\u00eanio e atualizar alguma servi\u00e7os do Projeto Original. Em 2020 retomada das obras e licita\u00e7\u00f5es dos servi\u00e7os que faltavam. Agora em 2021, prefeita em exerc\u00edcio, M\u00e1rcia Adriano, tamb\u00e9m est\u00e1 dando continuidade na obra.<\/p>\n<p><img loading=\"lazy\" decoding=\"async\" class=\"aligncenter size-large wp-image-1320\" src=\"https:\/\/www.merionline.com.br\/noticias\/wp-content\/uploads\/2021\/01\/IMG_20210119_104710-1024x348.jpg\" alt=\"\" width=\"1024\" height=\"348\" srcset=\"https:\/\/www.merionline.com.br\/noticias\/wp-content\/uploads\/2021\/01\/IMG_20210119_104710-1024x348.jpg 1024w, https:\/\/www.merionline.com.br\/noticias\/wp-content\/uploads\/2021\/01\/IMG_20210119_104710-300x102.jpg 300w, https:\/\/www.merionline.com.br\/noticias\/wp-content\/uploads\/2021\/01\/IMG_20210119_104710-768x261.jpg 768w, https:\/\/www.merionline.com.br\/noticias\/wp-content\/uploads\/2021\/01\/IMG_20210119_104710-1536x521.jpg 1536w, https:\/\/www.merionline.com.br\/noticias\/wp-content\/uploads\/2021\/01\/IMG_20210119_104710-2048x695.jpg 2048w\" sizes=\"(max-width: 1024px) 100vw, 1024px\" \/><\/p>\n<p>Segundo a prefeita, est\u00e1 obra dever\u00e1 ser entregue ainda este ano; -&#8221; <span style=\"color: #999999;\"><em>Est\u00e1 obra j\u00e1 passou da hora de ser entregue, estamos em contato com a empresa e a mesma est\u00e1 fazendo o poss\u00edvel para finalizar e entregar, a popula\u00e7\u00e3o n\u00e3o v\u00ea a hora de usufruir deste parque maravilhoso<\/em><\/span>&#8220;; destacou a prefeita.<\/p>\n<p>O projeto do parque custou aproximadamente R$ 3.400.000,00 (Tr\u00eas milh\u00f5es e quatrocentos mil reais). O local conta com algumas \u00e1reas de lazer, veja;<\/p>\n<p>\u2713 Pista de skate<br \/>\n\u2713 Mini campo<br \/>\n\u2713 Quadra de futsal<br \/>\n\u2713 3 quiosques p\/festas<br \/>\n\u2713 Sal\u00e3o de festas<br \/>\n\u2713 Ciclovia (bicicletas)<br \/>\n\u2713 Pista de caminhadas<br \/>\n\u2713 V\u00e1rios banheiros<br \/>\n\u2713 Bocha<\/p>\n<p><img loading=\"lazy\" decoding=\"async\" class=\"aligncenter size-large wp-image-1321\" src=\"https:\/\/www.merionline.com.br\/noticias\/wp-content\/uploads\/2021\/01\/IMG_20210119_104741-1024x377.jpg\" alt=\"\" width=\"1024\" height=\"377\" srcset=\"https:\/\/www.merionline.com.br\/noticias\/wp-content\/uploads\/2021\/01\/IMG_20210119_104741-1024x377.jpg 1024w, https:\/\/www.merionline.com.br\/noticias\/wp-content\/uploads\/2021\/01\/IMG_20210119_104741-300x111.jpg 300w, https:\/\/www.merionline.com.br\/noticias\/wp-content\/uploads\/2021\/01\/IMG_20210119_104741-768x283.jpg 768w, https:\/\/www.merionline.com.br\/noticias\/wp-content\/uploads\/2021\/01\/IMG_20210119_104741-1536x566.jpg 1536w, https:\/\/www.merionline.com.br\/noticias\/wp-content\/uploads\/2021\/01\/IMG_20210119_104741-2048x755.jpg 2048w\" sizes=\"(max-width: 1024px) 100vw, 1024px\" \/><\/p>\n<p>O parque ser\u00e1 fechado com alambrado para prote\u00e7\u00e3o de v\u00e2ndalos, por\u00e9m as entradas v\u00e3o ficar abertas 24 horas.<\/p>\n<p><img loading=\"lazy\" decoding=\"async\" class=\"aligncenter size-large wp-image-1325\" src=\"https:\/\/www.merionline.com.br\/noticias\/wp-content\/uploads\/2021\/01\/WhatsApp-Image-2021-01-29-at-10.53.51-1024x576.jpeg\" alt=\"\" width=\"1024\" height=\"576\" srcset=\"https:\/\/www.merionline.com.br\/noticias\/wp-content\/uploads\/2021\/01\/WhatsApp-Image-2021-01-29-at-10.53.51-1024x576.jpeg 1024w, https:\/\/www.merionline.com.br\/noticias\/wp-content\/uploads\/2021\/01\/WhatsApp-Image-2021-01-29-at-10.53.51-300x169.jpeg 300w, https:\/\/www.merionline.com.br\/noticias\/wp-content\/uploads\/2021\/01\/WhatsApp-Image-2021-01-29-at-10.53.51-768x432.jpeg 768w, https:\/\/www.merionline.com.br\/noticias\/wp-content\/uploads\/2021\/01\/WhatsApp-Image-2021-01-29-at-10.53.51.jpeg 1280w\" sizes=\"(max-width: 1024px) 100vw, 1024px\" \/><\/p>\n<p>Uma secretaria interna dever\u00e1 ser criada para manuten\u00e7\u00e3o do local, como agendamentos das quadras, sal\u00e3o de festas, quiosques entre outros.<\/p>\n<figure id=\"attachment_914\" aria-describedby=\"caption-attachment-914\" style=\"width: 474px\" class=\"wp-caption aligncenter\"><img loading=\"lazy\" decoding=\"async\" class=\"size-full wp-image-914\" src=\"https:\/\/www.merionline.com.br\/noticias\/wp-content\/uploads\/2020\/03\/WhatsApp-Image-2020-03-17-at-18.39.59-3.jpeg\" alt=\"\" width=\"474\" height=\"381\" srcset=\"https:\/\/www.merionline.com.br\/noticias\/wp-content\/uploads\/2020\/03\/WhatsApp-Image-2020-03-17-at-18.39.59-3.jpeg 474w, https:\/\/www.merionline.com.br\/noticias\/wp-content\/uploads\/2020\/03\/WhatsApp-Image-2020-03-17-at-18.39.59-3-300x241.jpeg 300w\" sizes=\"(max-width: 474px) 100vw, 474px\" \/><figcaption id=\"caption-attachment-914\" class=\"wp-caption-text\">PUBLICIDADE &#8211; ANUNCIE AQUI<\/figcaption><\/figure>\n","protected":false},"excerpt":{"rendered":"<p>A obra mais esperada de Meridiano &#8220;Parque do povo&#8221;, um projeto criado em 2013, teve inicio em 2017 e dever\u00e1 ser entregue ainda no primeiro semestre deste ano (2021). A obra j\u00e1 passou por 4 prefeitos, Aristeu criou o projeto em 2013, na sequ\u00eancia, Val Rizzato fez a licita\u00e7\u00e3o para contrata\u00e7\u00e3o da empresa dando in\u00edcio [&hellip;]<\/p>\n","protected":false},"author":1,"featured_media":1319,"comment_status":"open","ping_status":"open","sticky":false,"template":"","format":"standard","meta":{"footnotes":""},"categories":[3,6],"tags":[],"_links":{"self":[{"href":"https:\/\/www.merionline.com.br\/noticias\/wp-json\/wp\/v2\/posts\/1318"}],"collection":[{"href":"https:\/\/www.merionline.com.br\/noticias\/wp-json\/wp\/v2\/posts"}],"about":[{"href":"https:\/\/www.merionline.com.br\/noticias\/wp-json\/wp\/v2\/types\/post"}],"author":[{"embeddable":true,"href":"https:\/\/www.merionline.com.br\/noticias\/wp-json\/wp\/v2\/users\/1"}],"replies":[{"embeddable":true,"href":"https:\/\/www.merionline.com.br\/noticias\/wp-json\/wp\/v2\/comments?post=1318"}],"version-history":[{"count":6,"href":"https:\/\/www.merionline.com.br\/noticias\/wp-json\/wp\/v2\/posts\/1318\/revisions"}],"predecessor-version":[{"id":1344,"href":"https:\/\/www.merionline.com.br\/noticias\/wp-json\/wp\/v2\/posts\/1318\/revisions\/1344"}],"wp:featuredmedia":[{"embeddable":true,"href":"https:\/\/www.merionline.com.br\/noticias\/wp-json\/wp\/v2\/media\/1319"}],"wp:attachment":[{"href":"https:\/\/www.merionline.com.br\/noticias\/wp-json\/wp\/v2\/media?parent=1318"}],"wp:term":[{"taxonomy":"category","embeddable":true,"href":"https:\/\/www.merionline.com.br\/noticias\/wp-json\/wp\/v2\/categories?post=1318"},{"taxonomy":"post_tag","embeddable":true,"href":"https:\/\/www.merionline.com.br\/noticias\/wp-json\/wp\/v2\/tags?post=1318"}],"curies":[{"name":"wp","href":"https:\/\/api.w.org\/{rel}","templated":true}]}}