{"id":1328,"date":"2021-01-29T12:10:43","date_gmt":"2021-01-29T15:10:43","guid":{"rendered":"http:\/\/www.merionline.com.br\/noticias\/?p=1328"},"modified":"2021-01-29T14:45:15","modified_gmt":"2021-01-29T17:45:15","slug":"novo-decreto-ja-esta-valendo-em-meridiano","status":"publish","type":"post","link":"https:\/\/www.merionline.com.br\/noticias\/novo-decreto-ja-esta-valendo-em-meridiano\/","title":{"rendered":"Novo decreto (2280) j\u00e1 est\u00e1 valendo em Meridiano"},"content":{"rendered":"<p>Desde segunda feira (25), a cidade de Meridiano j\u00e1 est\u00e1 sob novo decreto de funcionamento do com\u00e9rcio local.<\/p>\n<p>A prefeitura junto com a vigil\u00e2ncia sanit\u00e1ria, decidiram manter as exig\u00eancias do governo do Estado de SP. Foram estipuladas duas fases; de Segunda a Sexta feira fase <span style=\"color: #ff6600;\"><strong><em>laranja<\/em><\/strong><\/span>, que poder\u00e1 funcionar &#8220;tudo&#8221; entre as 6:00hr at\u00e9 as 20:00hr, aos s\u00e1bados e domingos (30-31\/Janeiro e 6-7\/Fevereiro) ser\u00e1 fase <span style=\"color: #ff0000;\"><strong><em>vermelha<\/em><\/strong><\/span>, podendo funcionar somente locais classificados como &#8220;essenciais&#8221;, liberando lanchonetes e restaurantes apenas no formato de Delivery, veja como ficou:<\/p>\n<p><span style=\"color: #ff6600;\"><strong>FASE LARANJA\u00a0<\/strong><\/span><\/p>\n<p>Das 6:00hr as 20:00hr, Segunda a sexta<br \/>\nAbertura normal para todo com\u00e9rcio;<\/p>\n<p><strong>Ap\u00f3s as 20:00hr\u00a0<\/strong><br \/>\nSomente Delivery;<br \/>\nBares, restaurantes, Lanches, espetos, serv festas, pastelaria (<em><span style=\"color: #999999;\">lista no decreto<\/span><\/em>)<br \/>\nOs locais que possuem atendimentos com mesas e cadeiras s\u00f3 poder\u00e3o funcionar at\u00e9 as 20:00hr, ap\u00f3s este hor\u00e1rio as mesas e cadeiras deveram ser retiradas e seguir no Delivery.<\/p>\n<p><strong>ACADEMIAS<br \/>\n<\/strong>As academias <strong>N\u00c3O<\/strong> podem funcionar ap\u00f3s as 20:00hr de segunda a sexta feira na fase laranja, e aos s\u00e1bados e domingos (fase Vermelha) tamb\u00e9m N\u00c3O poder\u00e3o funcionar em nenhum hor\u00e1rio.<\/p>\n<p><span style=\"color: #ff0000;\"><strong>FASE VERMELHA<\/strong><\/span><\/p>\n<p>Definido aos s\u00e1bados e domingos;<br \/>\nSomente os locais classificados como essenciais podem funcionar, como;<\/p>\n<p>I &#8211; Farm\u00e1cias;<br \/>\nII-Supermercados, mercados, a\u00e7ougues, feiras livres, comercializa\u00e7\u00e3o de suplementos<br \/>\nalimentares, vedado o consumo no local;<br \/>\nIII &#8211; Lojas de conveni\u00eancia e padarias, ficando vedado o consumo de qualquer produto no local;<br \/>\nIV &#8211; Lojas de venda de alimenta\u00e7\u00e3o para animais;<br \/>\nV &#8211; Lojas de venda de \u00e1gua mineral;<br \/>\nVI &#8211; Postos de combust\u00edvel;<br \/>\nVII &#8211; Imprensa;<br \/>\nVIII &#8211; Servi\u00e7os funer\u00e1rios;<br \/>\nIX &#8211; Fretamento para transporte de funcion\u00e1rios de empresas e ind\u00fastrias, com\u00e9rcio e servi\u00e7os<br \/>\ncujas atividades estejam autorizadas ao funcionamento;<br \/>\nX &#8211; Servi\u00e7o de coleta de lixo;<br \/>\nXI &#8211; Processamento de dados ligados a servi\u00e7os essenciais;<br \/>\nXII &#8211; Seguran\u00e7a privada;<br \/>\nXIII &#8211; Produ\u00e7\u00e3o e distribui\u00e7\u00e3o de alimentos de uso humano e veterin\u00e1rio;<br \/>\nXIV &#8211; Servi\u00e7o postal;<br \/>\nXV &#8211; Oficinas mec\u00e2nicas de ve\u00edculos e motocicletas;<br \/>\nXVI &#8211; Clinicas odontol\u00f3gicas e veterin\u00e1rias;<br \/>\nXVII &#8211; Bancos, Lot\u00e9ricas e Ag\u00eancias de Correios;<br \/>\nXVIII &#8211; Transporte e entrega de carga em geral;<br \/>\nXIX &#8211; Setores da ind\u00fastria e da constru\u00e7\u00e3o civil, em geral;<br \/>\nXX &#8211; Lojas de produtos m\u00e9dicos, hospitalares e odontol\u00f3gicos;<br \/>\nXXI &#8211; Atendimento home care;<br \/>\nXXII &#8211; Clinicas de fisioterapia;<br \/>\nXXIII -\u00d3ticas;<br \/>\nXXIV &#8211; Hotelaria;<br \/>\nXXV &#8211; Estabelecimentos de armazenagem e distribui\u00e7\u00e3o, e defensivos agr\u00edcolas, fertilizantes,<br \/>\nsementes e mudas e produtos agropecu\u00e1rios<br \/>\nXXVI &#8211; Comercializa\u00e7\u00e3o de insumos agropecu\u00e1rios, medicamentos de uso veterin\u00e1rio, vacinas,<br \/>\nmaterial gen\u00e9tico, suplementos,<\/p>\n<p><strong>IGREJAS E TEMPLOS RELIGIOSOS<\/strong><\/p>\n<p>Igrejas, templos religiosos permanecem sem altera\u00e7\u00e3o, podendo funcionar normalmente, por\u00e9m respeitando o limite e distanciamento, o local deve possuir \u00e1lcool em gel e sinaliza\u00e7\u00e3o de espa\u00e7o entre uma pessoa e a outra. <span style=\"color: #999999;\"><em>(mais detalhes vide decreto no final da mat\u00e9ria)<\/em><\/span><\/p>\n<p><b>OUTROS LOCAIS MAIS COMUM <span style=\"color: #ff0000;\">(<em>fase vermelha<\/em>)<\/span><\/b><\/p>\n<p>Sal\u00e3o de beleza, barbearias, lojas de roupas, academias\u00a0 <span style=\"color: #999999;\"><em>(lista completa no decreto no final da mat\u00e9ria)<\/em><\/span> &#8220;<strong>N\u00c3O PODEM<\/strong>&#8221; funcionar ap\u00f3s as 20:00hr na fase laranja e nem aos S\u00e1bados e domingos em nenhum hor\u00e1rio. Os finais de semana que foram classificados como fase vermelha ser\u00e1 nos dias 30-31\/Janeiro e 6-7\/Fevereiro.<\/p>\n<p><strong>FEIRA LIVRE<\/strong><\/p>\n<p>A feira livre que ocorre todas as sextas feiras ir\u00e1 abrir das 15:00hr at\u00e9 20:00hr, ap\u00f3s teste hor\u00e1rio, os locais que servem espetos, pasteis, bebidas e etc deveram retirar as mesas e cadeiras e seguir com Delivery.<\/p>\n<p><a href=\"https:\/\/meridiano.sp.gov.br\/download\/157\/covid-19-uteis\/2080\/decreto-fase-laranja-vermelha.pdf\">Clique para baixar\/Ver o Decreto 2280<\/a><\/p>\n","protected":false},"excerpt":{"rendered":"<p>Desde segunda feira (25), a cidade de Meridiano j\u00e1 est\u00e1 sob novo decreto de funcionamento do com\u00e9rcio local. A prefeitura junto com a vigil\u00e2ncia sanit\u00e1ria, decidiram manter as exig\u00eancias do governo do Estado de SP. Foram estipuladas duas fases; de Segunda a Sexta feira fase laranja, que poder\u00e1 funcionar &#8220;tudo&#8221; entre as 6:00hr at\u00e9 as [&hellip;]<\/p>\n","protected":false},"author":1,"featured_media":1332,"comment_status":"open","ping_status":"open","sticky":false,"template":"","format":"standard","meta":{"footnotes":""},"categories":[3],"tags":[],"_links":{"self":[{"href":"https:\/\/www.merionline.com.br\/noticias\/wp-json\/wp\/v2\/posts\/1328"}],"collection":[{"href":"https:\/\/www.merionline.com.br\/noticias\/wp-json\/wp\/v2\/posts"}],"about":[{"href":"https:\/\/www.merionline.com.br\/noticias\/wp-json\/wp\/v2\/types\/post"}],"author":[{"embeddable":true,"href":"https:\/\/www.merionline.com.br\/noticias\/wp-json\/wp\/v2\/users\/1"}],"replies":[{"embeddable":true,"href":"https:\/\/www.merionline.com.br\/noticias\/wp-json\/wp\/v2\/comments?post=1328"}],"version-history":[{"count":17,"href":"https:\/\/www.merionline.com.br\/noticias\/wp-json\/wp\/v2\/posts\/1328\/revisions"}],"predecessor-version":[{"id":1354,"href":"https:\/\/www.merionline.com.br\/noticias\/wp-json\/wp\/v2\/posts\/1328\/revisions\/1354"}],"wp:featuredmedia":[{"embeddable":true,"href":"https:\/\/www.merionline.com.br\/noticias\/wp-json\/wp\/v2\/media\/1332"}],"wp:attachment":[{"href":"https:\/\/www.merionline.com.br\/noticias\/wp-json\/wp\/v2\/media?parent=1328"}],"wp:term":[{"taxonomy":"category","embeddable":true,"href":"https:\/\/www.merionline.com.br\/noticias\/wp-json\/wp\/v2\/categories?post=1328"},{"taxonomy":"post_tag","embeddable":true,"href":"https:\/\/www.merionline.com.br\/noticias\/wp-json\/wp\/v2\/tags?post=1328"}],"curies":[{"name":"wp","href":"https:\/\/api.w.org\/{rel}","templated":true}]}}