{"id":1336,"date":"2021-01-26T13:23:27","date_gmt":"2021-01-26T16:23:27","guid":{"rendered":"http:\/\/www.merionline.com.br\/noticias\/?p=1336"},"modified":"2021-01-29T13:53:03","modified_gmt":"2021-01-29T16:53:03","slug":"dia-especial-para-os-idosos-do-cci-de-meridiano","status":"publish","type":"post","link":"https:\/\/www.merionline.com.br\/noticias\/dia-especial-para-os-idosos-do-cci-de-meridiano\/","title":{"rendered":"Dia especial para os idosos do CCI de Meridiano"},"content":{"rendered":"<div class=\"o9v6fnle cxmmr5t8 oygrvhab hcukyx3x c1et5uql ii04i59q\">\n<div dir=\"auto\">\n<p>Prefeita M\u00e1rcia, vice Rapinha, Cras e Secretaria Municipal de Assist\u00eancia e Promo\u00e7\u00e3o Social, elaboraram uma atividade chamado &#8220;Carinho em Casa&#8221; onde todos os idosos que frequentam o Servi\u00e7o de Conviv\u00eancia e Fortalecimento de V\u00ednculos v\u00e3o receber uma lembrancinha.<\/p>\n<\/div>\n<\/div>\n<div class=\"o9v6fnle cxmmr5t8 oygrvhab hcukyx3x c1et5uql ii04i59q\">\n<div dir=\"auto\">\n<p>O objetivo da atividade \u00e9 mostrar que os idosos n\u00e3o foram esquecidos. Alessandra Tranqueira, respons\u00e1vel pelo Setor Social do munic\u00edpio juntamente com os funcion\u00e1rios do CRAS, prepararam este momento pensando em cada idoso que frequenta o CCI. Cada um estar\u00e1 recebendo na porta de sua casa uma mensagem ao vivo em um carro de som. A atividade teve in\u00edcio hoje (26) e seu t\u00e9rmino est\u00e1 previsto para o final de semana.<\/p>\n<\/div>\n<\/div>\n<div class=\"o9v6fnle cxmmr5t8 oygrvhab hcukyx3x c1et5uql ii04i59q\">\n<div dir=\"auto\">S\u00e3o mais de 100 idosos que fazem parte do Servi\u00e7o de Conviv\u00eancia do munic\u00edpio de Meridiano. Infelizmente devido ao Coronavirus, as atividades do CCI est\u00e3o suspensas. <em>&#8220;<span style=\"color: #999999;\">\u00c9 muito importante mostrarmos que n\u00e3o esquecemos deles, n\u00e3o vejo a hora de tudo voltar ao normal para iniciarmos novos projetos e novas atividades presenciais junto ao CCI&#8221;<\/span><\/em>; &#8211; Afirmou Marcia.<\/div>\n<div dir=\"auto\"><img loading=\"lazy\" decoding=\"async\" class=\"aligncenter size-large wp-image-1338\" src=\"https:\/\/www.merionline.com.br\/noticias\/wp-content\/uploads\/2021\/01\/142897620_3240362529397515_5998135946183383720_o-1024x473.jpg\" alt=\"\" width=\"1024\" height=\"473\" srcset=\"https:\/\/www.merionline.com.br\/noticias\/wp-content\/uploads\/2021\/01\/142897620_3240362529397515_5998135946183383720_o-1024x473.jpg 1024w, https:\/\/www.merionline.com.br\/noticias\/wp-content\/uploads\/2021\/01\/142897620_3240362529397515_5998135946183383720_o-300x139.jpg 300w, https:\/\/www.merionline.com.br\/noticias\/wp-content\/uploads\/2021\/01\/142897620_3240362529397515_5998135946183383720_o-768x355.jpg 768w, https:\/\/www.merionline.com.br\/noticias\/wp-content\/uploads\/2021\/01\/142897620_3240362529397515_5998135946183383720_o.jpg 1385w\" sizes=\"(max-width: 1024px) 100vw, 1024px\" \/><\/div>\n<\/div>\n","protected":false},"excerpt":{"rendered":"<p>Prefeita M\u00e1rcia, vice Rapinha, Cras e Secretaria Municipal de Assist\u00eancia e Promo\u00e7\u00e3o Social, elaboraram uma atividade chamado &#8220;Carinho em Casa&#8221; onde todos os idosos que frequentam o Servi\u00e7o de Conviv\u00eancia e Fortalecimento de V\u00ednculos v\u00e3o receber uma lembrancinha. O objetivo da atividade \u00e9 mostrar que os idosos n\u00e3o foram esquecidos. Alessandra Tranqueira, respons\u00e1vel pelo Setor [&hellip;]<\/p>\n","protected":false},"author":1,"featured_media":1337,"comment_status":"open","ping_status":"open","sticky":false,"template":"","format":"standard","meta":{"footnotes":""},"categories":[3],"tags":[],"_links":{"self":[{"href":"https:\/\/www.merionline.com.br\/noticias\/wp-json\/wp\/v2\/posts\/1336"}],"collection":[{"href":"https:\/\/www.merionline.com.br\/noticias\/wp-json\/wp\/v2\/posts"}],"about":[{"href":"https:\/\/www.merionline.com.br\/noticias\/wp-json\/wp\/v2\/types\/post"}],"author":[{"embeddable":true,"href":"https:\/\/www.merionline.com.br\/noticias\/wp-json\/wp\/v2\/users\/1"}],"replies":[{"embeddable":true,"href":"https:\/\/www.merionline.com.br\/noticias\/wp-json\/wp\/v2\/comments?post=1336"}],"version-history":[{"count":2,"href":"https:\/\/www.merionline.com.br\/noticias\/wp-json\/wp\/v2\/posts\/1336\/revisions"}],"predecessor-version":[{"id":1342,"href":"https:\/\/www.merionline.com.br\/noticias\/wp-json\/wp\/v2\/posts\/1336\/revisions\/1342"}],"wp:featuredmedia":[{"embeddable":true,"href":"https:\/\/www.merionline.com.br\/noticias\/wp-json\/wp\/v2\/media\/1337"}],"wp:attachment":[{"href":"https:\/\/www.merionline.com.br\/noticias\/wp-json\/wp\/v2\/media?parent=1336"}],"wp:term":[{"taxonomy":"category","embeddable":true,"href":"https:\/\/www.merionline.com.br\/noticias\/wp-json\/wp\/v2\/categories?post=1336"},{"taxonomy":"post_tag","embeddable":true,"href":"https:\/\/www.merionline.com.br\/noticias\/wp-json\/wp\/v2\/tags?post=1336"}],"curies":[{"name":"wp","href":"https:\/\/api.w.org\/{rel}","templated":true}]}}