{"id":1356,"date":"2021-02-01T10:53:48","date_gmt":"2021-02-01T13:53:48","guid":{"rendered":"http:\/\/www.merionline.com.br\/noticias\/?p=1356"},"modified":"2021-02-01T12:11:19","modified_gmt":"2021-02-01T15:11:19","slug":"prefeitura-emite-nota-sobre-a-secretaria-ter-sido-vacinada-ela-trabalha-na-equipe-de-apoio","status":"publish","type":"post","link":"https:\/\/www.merionline.com.br\/noticias\/prefeitura-emite-nota-sobre-a-secretaria-ter-sido-vacinada-ela-trabalha-na-equipe-de-apoio\/","title":{"rendered":"Prefeitura emite nota sobre a Secret\u00e1ria ter sido vacinada &#8220;Ela trabalha na equipe de apoio&#8221;"},"content":{"rendered":"<p>Na \u00faltima semana, mais precisamente no dia 23 de janeiro, a secret\u00e1ria da sa\u00fade de Meridiano, Beatriz Adriano, tomou a vacina contra COvid-19, em seguida fez uma postagem em sua p\u00e1gina pessoal , por\u00e9m, a secret\u00e1ria foi alvo de revolta nas redes sociais por ela ter tomado a vacina.<\/p>\n<p><strong>Entenda\u00a0<\/strong><\/p>\n<p>A cidade Meridiano, n\u00e3o possui uma secretaria &#8220;separada&#8221; para administrar a sa\u00fade, a sala da secret\u00e1ria fica dentro da pr\u00f3pria UBS, inclusive a central da Covid-19 fica a poucos metros, sendo assim. a secret\u00e1ria fica na linha de frente atendendo enfermeiros, m\u00e9dicos, motoristas de ambul\u00e2ncias e at\u00e9 pacientes. Beatriz faz parte da &#8220;<em>Comiss\u00e3o de Enfrentamento do Covi-19&#8243;<\/em> e portanto trabalha na equipe de apoio que inclusive consta no plano de vacina\u00e7\u00e3o do Governo.<\/p>\n<p>A prefeitura emitiu uma nota dizendo que Beatriz Adriano faz parte do &#8220;Grupo de apoio&#8221; que inclusive consta no plano de vacina\u00e7\u00e3o do Governo do Estado, artigo 22, segue abaixo um resumo do artigo.<\/p>\n<ul>\n<li><em>3.5. Grupos Priorit\u00e1rios a serem vacinados e estimativa de doses de<\/em><br \/>\n<em>vacinas necess\u00e1rias<\/em><\/li>\n<li>&#8230;&#8221;Desta forma foram elencadas as seguintes popula\u00e7\u00f5es como grupos priorit\u00e1rios<br \/>\npara vacina\u00e7\u00e3o: trabalhadores da \u00e1rea da sa\u00fade (incluindo profissionais da sa\u00fade,<br \/>\n<strong><em>profissionais de apoio&#8221;&#8230;<\/em><\/strong><\/li>\n<\/ul>\n<p><em><strong>Segue abaixo a nota emitida pela prefeitura:\u00a0<\/strong><\/em><\/p>\n<p><span style=\"color: #808080;\"><em>A Prefeitura Municipal de Meridiano esclarece que \u00e0 Secret\u00e1ria Municipal de Sa\u00fade,<\/em><\/span><br \/>\n<span style=\"color: #808080;\"><em>Senhora Beatriz Adriano Garutti foi vacinada contra a Covid \u2013 19.<\/em><\/span><\/p>\n<p><span style=\"color: #808080;\"><em>As justificativas para vacina\u00e7\u00e3o encontram-se no fato da mesma estar exercendo seu<\/em><\/span><br \/>\n<span style=\"color: #808080;\"><em>cargo na \u00fanica UBS que existe no Munic\u00edpio, onde tamb\u00e9m se localiza a Central do<\/em><\/span><br \/>\n<span style=\"color: #808080;\"><em>Covid-19, que diariamente \u00e9 visitada pela Secret\u00e1ria da Sa\u00fade a fim de verificar as<\/em><\/span><br \/>\n<span style=\"color: #808080;\"><em>regularidades dos servi\u00e7os.<\/em><\/span><\/p>\n<p><span style=\"color: #808080;\"><em>Tem-se a informar tamb\u00e9m que a Secret\u00e1ria de Sa\u00fade faz parte da Comiss\u00e3o de<\/em><\/span><br \/>\n<span style=\"color: #808080;\"><em>Enfrentamento do Covi-19 e portanto trabalha na equipe de apoio, bem como trabalha<\/em><\/span><br \/>\n<span style=\"color: #808080;\"><em>diretamente com popula\u00e7\u00f5es suspeitas e infectadas, possui contato com funcion\u00e1rios que<\/em><\/span><br \/>\n<span style=\"color: #808080;\"><em>se deslocam da Central da Covid para a UBS, enfim, trabalha no atendimento de v\u00e1rios<\/em><\/span><br \/>\n<span style=\"color: #808080;\"><em>pacientes.<\/em><\/span><\/p>\n<p><span style=\"color: #808080;\"><em>Ap\u00f3s o fechamento da Central da Covid os pacientes s\u00e3o atendidos na pr\u00f3pria UBS, local<\/em><\/span><br \/>\n<span style=\"color: #808080;\"><em>onde a Secret\u00e1ria da Sa\u00fade encontra-se e exerce maior parte dos seus hor\u00e1rios de trabalho.<\/em><\/span><br \/>\n<span style=\"color: #808080;\"><em>Atualmente foram vacinadas 77 pessoas no Munic\u00edpio, todos pertencentes \u00e0 linha de<\/em><\/span><br \/>\n<span style=\"color: #808080;\"><em>enfrentamento ao Covid-19. Das 61 doses, e posteriormente mais 50 doses destinadas ao<\/em><\/span><br \/>\n<span style=\"color: #808080;\"><em>Munic\u00edpio, as mesmas foram suficiente para vacina\u00e7\u00e3o de todos os funcion\u00e1rios da linha<\/em><\/span><br \/>\n<span style=\"color: #808080;\"><em>de enfrentamento e ainda houve sobras, que ser\u00e3o destinadas aos pr\u00f3ximos grupos.<\/em><\/span><\/p>\n<p><span style=\"color: #808080;\"><em>O Munic\u00edpio de Meridiano informa tamb\u00e9m que segue o Plano Nacional de<\/em><\/span><br \/>\n<span style=\"color: #808080;\"><em>Operacionaliza\u00e7\u00e3o da Vacina\u00e7\u00e3o contra a Covid -19 e no momento a Prefeitura de<\/em><\/span><br \/>\n<span style=\"color: #808080;\"><em>Meridiano n\u00e3o possui conhecimento de investiga\u00e7\u00f5es envolvendo o caso, nem da Policia<\/em><\/span><br \/>\n<span style=\"color: #808080;\"><em>Federal, nem do Minist\u00e9rio P\u00fablico, por\u00e9m caso haja investiga\u00e7\u00e3o por parte de algum<\/em><\/span><br \/>\n<span style=\"color: #808080;\"><em>\u00f3rg\u00e3o o Mun\u00edcipio investigar\u00e1 o caso.<\/em><\/span><\/p>\n<p>Por: Paulo Rog\u00e9rio<\/p>\n","protected":false},"excerpt":{"rendered":"<p>Na \u00faltima semana, mais precisamente no dia 23 de janeiro, a secret\u00e1ria da sa\u00fade de Meridiano, Beatriz Adriano, tomou a vacina contra COvid-19, em seguida fez uma postagem em sua p\u00e1gina pessoal , por\u00e9m, a secret\u00e1ria foi alvo de revolta nas redes sociais por ela ter tomado a vacina. Entenda\u00a0 A cidade Meridiano, n\u00e3o possui [&hellip;]<\/p>\n","protected":false},"author":1,"featured_media":1357,"comment_status":"open","ping_status":"open","sticky":false,"template":"","format":"standard","meta":{"footnotes":""},"categories":[3,6],"tags":[],"_links":{"self":[{"href":"https:\/\/www.merionline.com.br\/noticias\/wp-json\/wp\/v2\/posts\/1356"}],"collection":[{"href":"https:\/\/www.merionline.com.br\/noticias\/wp-json\/wp\/v2\/posts"}],"about":[{"href":"https:\/\/www.merionline.com.br\/noticias\/wp-json\/wp\/v2\/types\/post"}],"author":[{"embeddable":true,"href":"https:\/\/www.merionline.com.br\/noticias\/wp-json\/wp\/v2\/users\/1"}],"replies":[{"embeddable":true,"href":"https:\/\/www.merionline.com.br\/noticias\/wp-json\/wp\/v2\/comments?post=1356"}],"version-history":[{"count":2,"href":"https:\/\/www.merionline.com.br\/noticias\/wp-json\/wp\/v2\/posts\/1356\/revisions"}],"predecessor-version":[{"id":1359,"href":"https:\/\/www.merionline.com.br\/noticias\/wp-json\/wp\/v2\/posts\/1356\/revisions\/1359"}],"wp:featuredmedia":[{"embeddable":true,"href":"https:\/\/www.merionline.com.br\/noticias\/wp-json\/wp\/v2\/media\/1357"}],"wp:attachment":[{"href":"https:\/\/www.merionline.com.br\/noticias\/wp-json\/wp\/v2\/media?parent=1356"}],"wp:term":[{"taxonomy":"category","embeddable":true,"href":"https:\/\/www.merionline.com.br\/noticias\/wp-json\/wp\/v2\/categories?post=1356"},{"taxonomy":"post_tag","embeddable":true,"href":"https:\/\/www.merionline.com.br\/noticias\/wp-json\/wp\/v2\/tags?post=1356"}],"curies":[{"name":"wp","href":"https:\/\/api.w.org\/{rel}","templated":true}]}}