{"id":1362,"date":"2021-02-01T13:11:26","date_gmt":"2021-02-01T16:11:26","guid":{"rendered":"http:\/\/www.merionline.com.br\/noticias\/?p=1362"},"modified":"2021-02-01T13:22:16","modified_gmt":"2021-02-01T16:22:16","slug":"promotoria-declara-que-todos-os-cargos-comissionados-agentes-politicos-ocupados-em-meridiano-estao-regulares","status":"publish","type":"post","link":"https:\/\/www.merionline.com.br\/noticias\/promotoria-declara-que-todos-os-cargos-comissionados-agentes-politicos-ocupados-em-meridiano-estao-regulares\/","title":{"rendered":"Promotoria declara que todos os cargos Comissionados e Agentes Pol\u00edticos ocupados em Meridiano est\u00e3o REGULARES"},"content":{"rendered":"<p>Nunca se falou tanto em &#8220;Cargos de Comiss\u00e3o\/Agentes Pol\u00edticos&#8221; em Meridiano. Inclusive algumas den\u00fancias foram feitas ao MP (Minist\u00e9rio P\u00fablico), tanto em 2019, 2020\u00a0 e 2021. O Departamento Jur\u00eddico da Prefeitura de Meridiano, recebeu hoje um parecer da Promotoria.<\/p>\n<p><strong><em>Inqu\u00e9rito Civil n\u00ba MP: 14.0264.0000095\/2021<\/em><\/strong><\/p>\n<p>Atrav\u00e9s do Inqu\u00e9rito Civil n\u00ba MP: 14.0264.0000095\/2021, a Promotoria de Justi\u00e7a esclarece que, todos os cargos &#8220;Comissionados e Agentes Pol\u00edticos&#8221; atualmente ocupados pelos servidores municipais de Meridiano est\u00e3o &#8220;<em><strong>Regulares<\/strong><\/em>&#8220;, com exce\u00e7\u00e3o de 5 cargos em comiss\u00e3o, s\u00e3o eles:<\/p>\n<p><em>1-Diretor de Departamento de Compras;<\/em><br \/>\n<em>2-Chefe de Oficina Mec\u00e2nica;<\/em><br \/>\n<em>3-Coordenador de Departamento;<\/em><br \/>\n<em>4-Assessor de Vigil\u00e2ncia\u00a0 Sanit\u00e1ria;<\/em><br \/>\n<em>5-Diretor Municipal de Sa\u00fade;<\/em><\/p>\n<p>Os cargos acima que foram apontados como &#8220;<em><strong>irregulares<\/strong><\/em>&#8220;, a atual administra\u00e7\u00e3o informou que, &#8220;N\u00c3O&#8221; est\u00e3o sendo ocupados.<\/p>\n<p>A Promotoria pediu a &#8220;<em><strong>extin\u00e7\u00e3o<\/strong><\/em>&#8221; dos cargos irregulares, com remessa ao poder Legislativo (C\u00e2mara Municipal) para devida aprova\u00e7\u00e3o, o que ser\u00e1 acatado pela Prefeita.<\/p>\n<p>A Prefeita Marcia em discurso junto aos funcion\u00e1rios, explicou a situa\u00e7\u00e3o, pediu empenho de todos para fins de fazer valer a decis\u00e3o da Promotoria de Justi\u00e7a.<\/p>\n<p>Por: Paulo Rog\u00e9rio<\/p>\n","protected":false},"excerpt":{"rendered":"<p>Nunca se falou tanto em &#8220;Cargos de Comiss\u00e3o\/Agentes Pol\u00edticos&#8221; em Meridiano. Inclusive algumas den\u00fancias foram feitas ao MP (Minist\u00e9rio P\u00fablico), tanto em 2019, 2020\u00a0 e 2021. O Departamento Jur\u00eddico da Prefeitura de Meridiano, recebeu hoje um parecer da Promotoria. Inqu\u00e9rito Civil n\u00ba MP: 14.0264.0000095\/2021 Atrav\u00e9s do Inqu\u00e9rito Civil n\u00ba MP: 14.0264.0000095\/2021, a Promotoria de Justi\u00e7a [&hellip;]<\/p>\n","protected":false},"author":1,"featured_media":1363,"comment_status":"open","ping_status":"open","sticky":false,"template":"","format":"standard","meta":{"footnotes":""},"categories":[3,6],"tags":[],"_links":{"self":[{"href":"https:\/\/www.merionline.com.br\/noticias\/wp-json\/wp\/v2\/posts\/1362"}],"collection":[{"href":"https:\/\/www.merionline.com.br\/noticias\/wp-json\/wp\/v2\/posts"}],"about":[{"href":"https:\/\/www.merionline.com.br\/noticias\/wp-json\/wp\/v2\/types\/post"}],"author":[{"embeddable":true,"href":"https:\/\/www.merionline.com.br\/noticias\/wp-json\/wp\/v2\/users\/1"}],"replies":[{"embeddable":true,"href":"https:\/\/www.merionline.com.br\/noticias\/wp-json\/wp\/v2\/comments?post=1362"}],"version-history":[{"count":2,"href":"https:\/\/www.merionline.com.br\/noticias\/wp-json\/wp\/v2\/posts\/1362\/revisions"}],"predecessor-version":[{"id":1365,"href":"https:\/\/www.merionline.com.br\/noticias\/wp-json\/wp\/v2\/posts\/1362\/revisions\/1365"}],"wp:featuredmedia":[{"embeddable":true,"href":"https:\/\/www.merionline.com.br\/noticias\/wp-json\/wp\/v2\/media\/1363"}],"wp:attachment":[{"href":"https:\/\/www.merionline.com.br\/noticias\/wp-json\/wp\/v2\/media?parent=1362"}],"wp:term":[{"taxonomy":"category","embeddable":true,"href":"https:\/\/www.merionline.com.br\/noticias\/wp-json\/wp\/v2\/categories?post=1362"},{"taxonomy":"post_tag","embeddable":true,"href":"https:\/\/www.merionline.com.br\/noticias\/wp-json\/wp\/v2\/tags?post=1362"}],"curies":[{"name":"wp","href":"https:\/\/api.w.org\/{rel}","templated":true}]}}