{"id":1367,"date":"2021-02-03T12:46:16","date_gmt":"2021-02-03T15:46:16","guid":{"rendered":"http:\/\/www.merionline.com.br\/noticias\/?p=1367"},"modified":"2021-02-03T12:46:16","modified_gmt":"2021-02-03T15:46:16","slug":"prefeitura-de-meridiano-fechou-parceria-com-a-fef-e-descontos-podem-chegar-a-60","status":"publish","type":"post","link":"https:\/\/www.merionline.com.br\/noticias\/prefeitura-de-meridiano-fechou-parceria-com-a-fef-e-descontos-podem-chegar-a-60\/","title":{"rendered":"Prefeitura de Meridiano fechou parceria com a FEF e descontos podem chegar a 60%"},"content":{"rendered":"<p>Em Janeiro (21), a prefeita de Meridiano, Marcia Adriano juntamente com a Secret\u00e1ria da Educa\u00e7\u00e3o, Gisele Guirardi, estiveram na FEF (Funda\u00e7\u00e3o Educacional de Fernand\u00f3polis), com o Diretor Administrativo, o Sr\u00ba Rog\u00e9rio, com intuito de obter descontos para popula\u00e7\u00e3o de Meridiano que pretendem fazer cursos de Gradua\u00e7\u00e3o.<\/p>\n<p>O resultado deste encontro gerou parcerias muito importantes, Meridiano ter\u00e1 descontos de 50% que podem chegar a 60% nos cursos de gradua\u00e7\u00e3o.<\/p>\n<p>Segundo a secret\u00e1ria da Educa\u00e7\u00e3o, Gisele Guirardi, existe uma &#8220;negocia\u00e7\u00e3o&#8221; com as faculdades, UNIFEV e UNIBRASIL, por\u00e9m, ainda n\u00e3o foram concretizadas, assim que nossa reportagem obter mais informa\u00e7\u00f5es, vamos divulgar em nossos canais.<\/p>\n<p><span style=\"color: #808080;\"><em>&#8220;Muito importante estas conquistas, estamos buscando outras faculdades para novas parcerias e beneficiar nossa popula\u00e7\u00e3o, \u00e9 muito importante a prefeitura buscar meios de facilitar e incentivar os alunos nesta \u00e9poca dif\u00edcil &#8220;.;<\/em><\/span> &#8211; Destacou Marcia.<\/p>\n<p>As datas e os procedimentos de como obter estes descontos junto a FEF, ser\u00e1 divulgada em breve em nossos canais e nos canais da prefeitura de Meridiano.<\/p>\n<p>Por: Paulo Rog\u00e9rio<\/p>\n<hr \/>\n<figure id=\"attachment_914\" aria-describedby=\"caption-attachment-914\" style=\"width: 474px\" class=\"wp-caption aligncenter\"><img loading=\"lazy\" decoding=\"async\" class=\"size-full wp-image-914\" src=\"https:\/\/www.merionline.com.br\/noticias\/wp-content\/uploads\/2020\/03\/WhatsApp-Image-2020-03-17-at-18.39.59-3.jpeg\" alt=\"\" width=\"474\" height=\"381\" srcset=\"https:\/\/www.merionline.com.br\/noticias\/wp-content\/uploads\/2020\/03\/WhatsApp-Image-2020-03-17-at-18.39.59-3.jpeg 474w, https:\/\/www.merionline.com.br\/noticias\/wp-content\/uploads\/2020\/03\/WhatsApp-Image-2020-03-17-at-18.39.59-3-300x241.jpeg 300w\" sizes=\"(max-width: 474px) 100vw, 474px\" \/><figcaption id=\"caption-attachment-914\" class=\"wp-caption-text\">PUBLICIDADE &#8211; ANUNCIE AQUI<\/figcaption><\/figure>\n","protected":false},"excerpt":{"rendered":"<p>Em Janeiro (21), a prefeita de Meridiano, Marcia Adriano juntamente com a Secret\u00e1ria da Educa\u00e7\u00e3o, Gisele Guirardi, estiveram na FEF (Funda\u00e7\u00e3o Educacional de Fernand\u00f3polis), com o Diretor Administrativo, o Sr\u00ba Rog\u00e9rio, com intuito de obter descontos para popula\u00e7\u00e3o de Meridiano que pretendem fazer cursos de Gradua\u00e7\u00e3o. O resultado deste encontro gerou parcerias muito importantes, Meridiano [&hellip;]<\/p>\n","protected":false},"author":1,"featured_media":1368,"comment_status":"open","ping_status":"open","sticky":false,"template":"","format":"standard","meta":{"footnotes":""},"categories":[3,6],"tags":[],"_links":{"self":[{"href":"https:\/\/www.merionline.com.br\/noticias\/wp-json\/wp\/v2\/posts\/1367"}],"collection":[{"href":"https:\/\/www.merionline.com.br\/noticias\/wp-json\/wp\/v2\/posts"}],"about":[{"href":"https:\/\/www.merionline.com.br\/noticias\/wp-json\/wp\/v2\/types\/post"}],"author":[{"embeddable":true,"href":"https:\/\/www.merionline.com.br\/noticias\/wp-json\/wp\/v2\/users\/1"}],"replies":[{"embeddable":true,"href":"https:\/\/www.merionline.com.br\/noticias\/wp-json\/wp\/v2\/comments?post=1367"}],"version-history":[{"count":1,"href":"https:\/\/www.merionline.com.br\/noticias\/wp-json\/wp\/v2\/posts\/1367\/revisions"}],"predecessor-version":[{"id":1369,"href":"https:\/\/www.merionline.com.br\/noticias\/wp-json\/wp\/v2\/posts\/1367\/revisions\/1369"}],"wp:featuredmedia":[{"embeddable":true,"href":"https:\/\/www.merionline.com.br\/noticias\/wp-json\/wp\/v2\/media\/1368"}],"wp:attachment":[{"href":"https:\/\/www.merionline.com.br\/noticias\/wp-json\/wp\/v2\/media?parent=1367"}],"wp:term":[{"taxonomy":"category","embeddable":true,"href":"https:\/\/www.merionline.com.br\/noticias\/wp-json\/wp\/v2\/categories?post=1367"},{"taxonomy":"post_tag","embeddable":true,"href":"https:\/\/www.merionline.com.br\/noticias\/wp-json\/wp\/v2\/tags?post=1367"}],"curies":[{"name":"wp","href":"https:\/\/api.w.org\/{rel}","templated":true}]}}