{"id":1380,"date":"2021-02-10T14:00:06","date_gmt":"2021-02-10T17:00:06","guid":{"rendered":"http:\/\/www.merionline.com.br\/noticias\/?p=1380"},"modified":"2021-02-10T14:15:09","modified_gmt":"2021-02-10T17:15:09","slug":"prefeitura-de-meridiano-fecha-acordo-com-a-fef-com-descontos-de-ate-60","status":"publish","type":"post","link":"https:\/\/www.merionline.com.br\/noticias\/prefeitura-de-meridiano-fecha-acordo-com-a-fef-com-descontos-de-ate-60\/","title":{"rendered":"Prefeitura de Meridiano fecha acordo com a FEF com descontos de at\u00e9 60%"},"content":{"rendered":"<p>No dia (08) deste m\u00eas, (fevereiro\/21), a prefeita Marcia Adriano e a secret\u00e1ria da Educa\u00e7\u00e3o Gisele Guirardi, assinou o conv\u00eanio com a <strong>FEF<\/strong> (Funda\u00e7\u00e3o Educacional de Fernand\u00f3polis).<\/p>\n<p>Com este conv\u00eanio assinado, os alunos de Meridiano que ingressarem este ano de 2021, poder\u00e3o obter descontos de at\u00e9 60%.<\/p>\n<p><strong>UNIVERSIDADE BRASIL<\/strong><\/p>\n<p>Ontem (09), a prefeita Marcia e a secret\u00e1ria da Educa\u00e7\u00e3o, Gisele Guirardi, estiveram na Universidade Brasil com o Sr. S\u00e9rgio Lechuga, prefeito Universit\u00e1rio do Campus de Fernand\u00f3polis, na ocasi\u00e3o, foi &#8220;firmado&#8221; um Termo de Parceria e Coopera\u00e7\u00e3o Educacional com objetivo em conceder descontos que podem chegar at\u00e9 64%. (Com exce\u00e7\u00e3o nos cursos de Medicina, Medicina Veterin\u00e1ria e Odontologia).<\/p>\n<p><img loading=\"lazy\" decoding=\"async\" class=\"aligncenter size-large wp-image-1381\" src=\"https:\/\/www.merionline.com.br\/noticias\/wp-content\/uploads\/2021\/02\/148836817_1025736067919316_3605814724557744463_o-1024x472.jpg\" alt=\"\" width=\"1024\" height=\"472\" srcset=\"https:\/\/www.merionline.com.br\/noticias\/wp-content\/uploads\/2021\/02\/148836817_1025736067919316_3605814724557744463_o-1024x472.jpg 1024w, https:\/\/www.merionline.com.br\/noticias\/wp-content\/uploads\/2021\/02\/148836817_1025736067919316_3605814724557744463_o-300x138.jpg 300w, https:\/\/www.merionline.com.br\/noticias\/wp-content\/uploads\/2021\/02\/148836817_1025736067919316_3605814724557744463_o-768x354.jpg 768w, https:\/\/www.merionline.com.br\/noticias\/wp-content\/uploads\/2021\/02\/148836817_1025736067919316_3605814724557744463_o.jpg 1280w\" sizes=\"(max-width: 1024px) 100vw, 1024px\" \/><\/p>\n<p>A prefeitura pede aos interessados que queiram obter estes descontos, comparecerem na secretaria da educa\u00e7\u00e3o de Meridiano.<\/p>\n<p>Por: Paulo Rog\u00e9rio<\/p>\n","protected":false},"excerpt":{"rendered":"<p>No dia (08) deste m\u00eas, (fevereiro\/21), a prefeita Marcia Adriano e a secret\u00e1ria da Educa\u00e7\u00e3o Gisele Guirardi, assinou o conv\u00eanio com a FEF (Funda\u00e7\u00e3o Educacional de Fernand\u00f3polis). Com este conv\u00eanio assinado, os alunos de Meridiano que ingressarem este ano de 2021, poder\u00e3o obter descontos de at\u00e9 60%. UNIVERSIDADE BRASIL Ontem (09), a prefeita Marcia e [&hellip;]<\/p>\n","protected":false},"author":1,"featured_media":1382,"comment_status":"open","ping_status":"open","sticky":false,"template":"","format":"standard","meta":{"footnotes":""},"categories":[3,6],"tags":[],"_links":{"self":[{"href":"https:\/\/www.merionline.com.br\/noticias\/wp-json\/wp\/v2\/posts\/1380"}],"collection":[{"href":"https:\/\/www.merionline.com.br\/noticias\/wp-json\/wp\/v2\/posts"}],"about":[{"href":"https:\/\/www.merionline.com.br\/noticias\/wp-json\/wp\/v2\/types\/post"}],"author":[{"embeddable":true,"href":"https:\/\/www.merionline.com.br\/noticias\/wp-json\/wp\/v2\/users\/1"}],"replies":[{"embeddable":true,"href":"https:\/\/www.merionline.com.br\/noticias\/wp-json\/wp\/v2\/comments?post=1380"}],"version-history":[{"count":2,"href":"https:\/\/www.merionline.com.br\/noticias\/wp-json\/wp\/v2\/posts\/1380\/revisions"}],"predecessor-version":[{"id":1386,"href":"https:\/\/www.merionline.com.br\/noticias\/wp-json\/wp\/v2\/posts\/1380\/revisions\/1386"}],"wp:featuredmedia":[{"embeddable":true,"href":"https:\/\/www.merionline.com.br\/noticias\/wp-json\/wp\/v2\/media\/1382"}],"wp:attachment":[{"href":"https:\/\/www.merionline.com.br\/noticias\/wp-json\/wp\/v2\/media?parent=1380"}],"wp:term":[{"taxonomy":"category","embeddable":true,"href":"https:\/\/www.merionline.com.br\/noticias\/wp-json\/wp\/v2\/categories?post=1380"},{"taxonomy":"post_tag","embeddable":true,"href":"https:\/\/www.merionline.com.br\/noticias\/wp-json\/wp\/v2\/tags?post=1380"}],"curies":[{"name":"wp","href":"https:\/\/api.w.org\/{rel}","templated":true}]}}