{"id":1392,"date":"2021-02-27T16:57:20","date_gmt":"2021-02-27T19:57:20","guid":{"rendered":"http:\/\/www.merionline.com.br\/noticias\/?p=1392"},"modified":"2021-02-27T17:40:13","modified_gmt":"2021-02-27T20:40:13","slug":"policia-e-vigilancia-sanitaria-de-meridiano-fecha-locais-por-nao-cumprirem-decreto","status":"publish","type":"post","link":"https:\/\/www.merionline.com.br\/noticias\/policia-e-vigilancia-sanitaria-de-meridiano-fecha-locais-por-nao-cumprirem-decreto\/","title":{"rendered":"Policia e Vigil\u00e2ncia Sanit\u00e1ria de Meridiano fecha locais por n\u00e3o cumprirem Decreto"},"content":{"rendered":"<p>Ontem por volta das 21h, a pol\u00edcia militar juntamente com a vigil\u00e2ncia sanit\u00e1ria de Meridiano, estiveram nos locais que n\u00e3o est\u00e3o respeitando os hor\u00e1rios do decreto municipal.<\/p>\n<p>Os locais tiveram que recolher as mesas e dispensar os clientes para fazer valer o decreto. Os comerciantes v\u00e3o receber hoje (27) a notifica\u00e7\u00e3o sobre o ocorrido ontem (26).<\/p>\n<p>A Fiscaliza\u00e7\u00e3o tamb\u00e9m est\u00e1 valendo para aglomera\u00e7\u00f5es acima de 10 pessoas, como festas particulares, jogos, festas em ch\u00e1caras etc.<\/p>\n<p>O decreto da fase &#8220;Laranja&#8221; j\u00e1 est\u00e1 valendo desde o dia 03 (fev), portanto, segundo as autoridades, nenhum comerciante foi pego de surpresa, j\u00e1 fazem 24 dias que o decreto foi criado restringindo o atendimento ap\u00f3s as 20h, foi divulgado amplamente nas redes sociais, meios de comunica\u00e7\u00e3o e no site da prefeitura.<\/p>\n<p>A fiscaliza\u00e7\u00e3o s\u00f3 ocorreu devido v\u00e1rias den\u00fancias da pr\u00f3pria popula\u00e7\u00e3o preocupadas com a propaga\u00e7\u00e3o do v\u00edrus, principalmente a preocupa\u00e7\u00e3o que os hospitais est\u00e3o lotados.<\/p>\n<p><strong><em>REINCID\u00caNCIA\u00a0<\/em><\/strong><\/p>\n<p>Os locais que n\u00e3o respeitarem os hor\u00e1rios hoje (27) e amanh\u00e3 (28), poder\u00e1 ter seus &#8220;Alvar\u00e1s&#8221; cassados.<\/p>\n<p>Os com\u00e9rcios podem funcionar das 7h as 20h com mesas e cadeiras, das 20h as 23h, somente delivery, e a partir das 23h todos os locais devem ser fechados, &#8220;<em>nem delivery<\/em>&#8221; pode funcionar ap\u00f3s as 23h.<\/p>\n<p>A popula\u00e7\u00e3o que presenciar o n\u00e3o cumprimento do decreto podem fazer den\u00fancia junto a vigil\u00e2ncia sanit\u00e1ria.<\/p>\n<p><em><strong>COVID-19<\/strong><\/em><\/p>\n<p>A fiscaliza\u00e7\u00e3o tamb\u00e9m est\u00e1 valendo para as pessoas que est\u00e3o em quarentena e est\u00e3o saindo de casa, a popula\u00e7\u00e3o tamb\u00e9m podem fazer den\u00fancia junto a vigil\u00e2ncia. Quem descumprir o prazo de quarentena poder\u00e1 levar multa.<\/p>\n<p><em><strong>MEDIDAS PARA CONTER O V\u00cdRUS<\/strong><\/em><\/p>\n<p>As medidas est\u00e3o sendo adotadas devido ao alto n\u00famero de cont\u00e1gio pelo Coronavirus na cidade de Meridiano, no \u00faltimo m\u00eas triplicou os casos positivos. Os hospitais da regi\u00e3o est\u00e3o lotados e sem leitos de Covid. A administra\u00e7\u00e3o municipal est\u00e1 cumprindo as recomenda\u00e7\u00f5es da secretaria de Sa\u00fade do Estado. Dezenas de outros munic\u00edpios est\u00e3o adotando restri\u00e7\u00f5es ainda piores, exemplo Araraquara e ABC Paulista que est\u00e3o fazendo Lockdowm\u00a0 prolongado.<\/p>\n<p>Por: Paulo Rog\u00e9rio<\/p>\n","protected":false},"excerpt":{"rendered":"<p>Ontem por volta das 21h, a pol\u00edcia militar juntamente com a vigil\u00e2ncia sanit\u00e1ria de Meridiano, estiveram nos locais que n\u00e3o est\u00e3o respeitando os hor\u00e1rios do decreto municipal. Os locais tiveram que recolher as mesas e dispensar os clientes para fazer valer o decreto. Os comerciantes v\u00e3o receber hoje (27) a notifica\u00e7\u00e3o sobre o ocorrido ontem [&hellip;]<\/p>\n","protected":false},"author":1,"featured_media":1396,"comment_status":"open","ping_status":"open","sticky":false,"template":"","format":"standard","meta":{"footnotes":""},"categories":[3,6],"tags":[],"_links":{"self":[{"href":"https:\/\/www.merionline.com.br\/noticias\/wp-json\/wp\/v2\/posts\/1392"}],"collection":[{"href":"https:\/\/www.merionline.com.br\/noticias\/wp-json\/wp\/v2\/posts"}],"about":[{"href":"https:\/\/www.merionline.com.br\/noticias\/wp-json\/wp\/v2\/types\/post"}],"author":[{"embeddable":true,"href":"https:\/\/www.merionline.com.br\/noticias\/wp-json\/wp\/v2\/users\/1"}],"replies":[{"embeddable":true,"href":"https:\/\/www.merionline.com.br\/noticias\/wp-json\/wp\/v2\/comments?post=1392"}],"version-history":[{"count":7,"href":"https:\/\/www.merionline.com.br\/noticias\/wp-json\/wp\/v2\/posts\/1392\/revisions"}],"predecessor-version":[{"id":1402,"href":"https:\/\/www.merionline.com.br\/noticias\/wp-json\/wp\/v2\/posts\/1392\/revisions\/1402"}],"wp:featuredmedia":[{"embeddable":true,"href":"https:\/\/www.merionline.com.br\/noticias\/wp-json\/wp\/v2\/media\/1396"}],"wp:attachment":[{"href":"https:\/\/www.merionline.com.br\/noticias\/wp-json\/wp\/v2\/media?parent=1392"}],"wp:term":[{"taxonomy":"category","embeddable":true,"href":"https:\/\/www.merionline.com.br\/noticias\/wp-json\/wp\/v2\/categories?post=1392"},{"taxonomy":"post_tag","embeddable":true,"href":"https:\/\/www.merionline.com.br\/noticias\/wp-json\/wp\/v2\/tags?post=1392"}],"curies":[{"name":"wp","href":"https:\/\/api.w.org\/{rel}","templated":true}]}}