{"id":1411,"date":"2021-03-08T13:46:54","date_gmt":"2021-03-08T16:46:54","guid":{"rendered":"http:\/\/www.merionline.com.br\/noticias\/?p=1411"},"modified":"2021-03-08T13:46:54","modified_gmt":"2021-03-08T16:46:54","slug":"fernandopolis-tera-hospital-de-campanha-anuncia-joao-doria","status":"publish","type":"post","link":"https:\/\/www.merionline.com.br\/noticias\/fernandopolis-tera-hospital-de-campanha-anuncia-joao-doria\/","title":{"rendered":"Fernand\u00f3polis ter\u00e1 Hospital de Campanha, anuncia Jo\u00e3o Doria"},"content":{"rendered":"<p>O munic\u00edpio de Fernand\u00f3polis deve abrigar um dos 10 hospitais de campanha em todo o Estado de S\u00e3o Paulo. O an\u00fancio foi feito pelo governador Jo\u00e3o Doria (PSDB) nesta segunda-feira, dia 8.<\/p>\n<p>Os detalhes, gest\u00e3o e local do Hospital de campanha ainda ser\u00e3o divulgados pela assessoria do governador ainda hoje.<\/p>\n<p>Na regi\u00e3o, Barreto tamb\u00e9m dever\u00e1 receber o benef\u00edcio.<\/p>\n","protected":false},"excerpt":{"rendered":"<p>O munic\u00edpio de Fernand\u00f3polis deve abrigar um dos 10 hospitais de campanha em todo o Estado de S\u00e3o Paulo. O an\u00fancio foi feito pelo governador Jo\u00e3o Doria (PSDB) nesta segunda-feira, dia 8. Os detalhes, gest\u00e3o e local do Hospital de campanha ainda ser\u00e3o divulgados pela assessoria do governador ainda hoje. Na regi\u00e3o, Barreto tamb\u00e9m dever\u00e1 [&hellip;]<\/p>\n","protected":false},"author":1,"featured_media":1412,"comment_status":"open","ping_status":"open","sticky":false,"template":"","format":"standard","meta":{"footnotes":""},"categories":[6,2],"tags":[],"_links":{"self":[{"href":"https:\/\/www.merionline.com.br\/noticias\/wp-json\/wp\/v2\/posts\/1411"}],"collection":[{"href":"https:\/\/www.merionline.com.br\/noticias\/wp-json\/wp\/v2\/posts"}],"about":[{"href":"https:\/\/www.merionline.com.br\/noticias\/wp-json\/wp\/v2\/types\/post"}],"author":[{"embeddable":true,"href":"https:\/\/www.merionline.com.br\/noticias\/wp-json\/wp\/v2\/users\/1"}],"replies":[{"embeddable":true,"href":"https:\/\/www.merionline.com.br\/noticias\/wp-json\/wp\/v2\/comments?post=1411"}],"version-history":[{"count":1,"href":"https:\/\/www.merionline.com.br\/noticias\/wp-json\/wp\/v2\/posts\/1411\/revisions"}],"predecessor-version":[{"id":1413,"href":"https:\/\/www.merionline.com.br\/noticias\/wp-json\/wp\/v2\/posts\/1411\/revisions\/1413"}],"wp:featuredmedia":[{"embeddable":true,"href":"https:\/\/www.merionline.com.br\/noticias\/wp-json\/wp\/v2\/media\/1412"}],"wp:attachment":[{"href":"https:\/\/www.merionline.com.br\/noticias\/wp-json\/wp\/v2\/media?parent=1411"}],"wp:term":[{"taxonomy":"category","embeddable":true,"href":"https:\/\/www.merionline.com.br\/noticias\/wp-json\/wp\/v2\/categories?post=1411"},{"taxonomy":"post_tag","embeddable":true,"href":"https:\/\/www.merionline.com.br\/noticias\/wp-json\/wp\/v2\/tags?post=1411"}],"curies":[{"name":"wp","href":"https:\/\/api.w.org\/{rel}","templated":true}]}}