{"id":1417,"date":"2021-04-09T18:02:17","date_gmt":"2021-04-09T21:02:17","guid":{"rendered":"http:\/\/www.merionline.com.br\/noticias\/?p=1417"},"modified":"2021-04-09T19:50:18","modified_gmt":"2021-04-09T22:50:18","slug":"prefeitura-de-meridiano-e-empresa-artegi-emitem-nota-de-esclarecimento-ao-merionline","status":"publish","type":"post","link":"https:\/\/www.merionline.com.br\/noticias\/prefeitura-de-meridiano-e-empresa-artegi-emitem-nota-de-esclarecimento-ao-merionline\/","title":{"rendered":"Prefeitura de Meridiano e Empresa Artegi emitem nota de Esclarecimento ao Merionline"},"content":{"rendered":"<p>Nos \u00faltimos dias, temos vistos coment\u00e1rios nas redes sociais sobre a empresa &#8220;<strong>ARTEGI<\/strong>&#8221; deixar Meridiano para se instalar em outro munic\u00edpio. V\u00e1rias especula\u00e7\u00f5es foram veiculadas sem ao menos saberem dos fatos, fatos estes de grande relev\u00e2ncia neste momento de desemprego e uma pandemia aterrorizante. Nosso canal tem compromisso com fatos verdadeiros, sem especula\u00e7\u00f5es, portanto, entramos em contato com a prefeitura e com a empresa Artegi para os devidos esclarecimentos, mais antes, vamos saber o que \u00e9 uma INCUBADORA.<\/p>\n<p>A &#8220;<strong>Incubadora<\/strong>&#8221; \u00e9 um projeto para pequenas empresas poderem se desenvolver. Existe um prazo de &#8220;Incuba\u00e7\u00e3o&#8221;, que s\u00e3o 3 anos, ap\u00f3s este per\u00edodo a empresa deve deixar o local para um novo empreendedor.<\/p>\n<p>Segue abaixo um resumo do conv\u00eanio, em seguida as notas emitidas pela prefeitura e pela empresa Artegi.<\/p>\n<hr \/>\n<p><span style=\"color: #333399;\">O Munic\u00edpio de Meridiano firmou o conv\u00eanio 074\/2016, com a Casa Civil do Governo do Estado de S\u00e3o Paulo para constru\u00e7\u00e3o de um galp\u00e3o com a finalidade de ser implantada uma incubadora industrial, a\u00a0obra foi conclu\u00edda e entregue pela construtora no m\u00eas de janeiro de 2017.<\/span><\/p>\n<p><span style=\"color: #333399;\">Os galp\u00f5es foram licitados atrav\u00e9s de Concorr\u00eancia P\u00fablica, do tipo &#8220;melhor t\u00e9cnica&#8221;, de acordo com o que determina a Lei Federal n.\u00ba 8666\/93,\u00a0 bem como Lei Municipal n\u00ba 1182\/2017 e Decreto Municipal n\u00ba 1980\/2017 e demais pertinentes, objetivando a escolha de\u00a0 candidatos a incuba\u00e7\u00e3o de projetos e empreendimentos no Programa Incubadora de Empresas de Meridiano, para sele\u00e7\u00e3o de empresas\/projetos para receberem concess\u00e3o de uso de espa\u00e7o p\u00fablico, nas modalidades de incuba\u00e7\u00e3o.\u00a0As vagas dispon\u00edveis eram\u00a0 05 (cinco) espa\u00e7os, denominados BOXES.<\/span><\/p>\n<p><span style=\"color: #333399;\">Dentre as responsabilidades e obriga\u00e7\u00f5es das partes ( Edital- Item 16.1) estava vedada a subcontrata\u00e7\u00e3o e a prazo m\u00e1ximo de incuba\u00e7\u00e3o de <strong>03 anos<\/strong> ( \u00a72, do Art\u00b01 da Lei\u00a0 Municipal n\u00b0 1182 de 08 de agosto de 2017.<\/span><\/p>\n<hr \/>\n<blockquote>\n<p style=\"text-align: center;\">NOTA DA PREFEITURA<\/p>\n<\/blockquote>\n<p>O Senhor Carlos Domingues \u201c Propriet\u00e1rio da Artegi\u201c, foi um dos ganhadores do Processo Licitat\u00f3rio, iniciou seus trabalhos\u00a0 naquela \u00e9poca, dando um grande passo no desenvolvimento de sua empresa, por\u00e9m, a incubadora tem um prazo legal de perman\u00eancia, e este prazo j\u00e1 terminou, cabendo o Sr\u00ba Carlos desocupar o local para outras empresas \u00a0se instalarem e se desenvolver assim como a Artegi fez.<\/p>\n<p>O Munic\u00edpio n\u00e3o tem como mant\u00ea-lo ocupando os Boxes (Incubadora), at\u00e9 porque precisa dar oportunidades a outros empres\u00e1rios para promover sua incuba\u00e7\u00e3o conforme conv\u00eanio 074\/2016.<\/p>\n<p>No momento, a prefeitura de Meridiano n\u00e3o tem condi\u00e7\u00f5es para construir um barrac\u00e3o e ceder para o empres\u00e1rio, n\u00e3o possu\u00edmos barrac\u00f5es vazios pertencente a prefeitura para auxiliar o empres\u00e1rio a curto per\u00edodo, existem projetos sendo estudados numa pr\u00f3xima oportunidade p\u00f3s pandemia.<\/p>\n<p>Por j\u00e1 ter contribu\u00eddo para o desenvolvimento da empresa Artegi, pertencente ao Carlos Domingos, e haver necessidade de promover a incuba\u00e7\u00e3o de outras pequenas empresas, o Munic\u00edpio de Meridiano deseja sucesso \u00e0 empresa Artegi nesta nova etapa, e desejamos sucesso nesta nova instala\u00e7\u00e3o \u00a0\u00a0a fim de buscar seu crescimento.<\/p>\n<p>Os funcion\u00e1rios que prestavam servi\u00e7os junto a empresa em quest\u00e3o \u201cArtegi\u201d, n\u00e3o ficar\u00e3o desamparados, haja visto que, a Prefeita deste Munic\u00edpio, M\u00e1rcia Adriano, \u00a0se reuniu com alguns empres\u00e1rios do pr\u00f3prio munic\u00edpio para contrata\u00e7\u00e3o destes funcion\u00e1rios que prestavam servi\u00e7os para Artegi.<\/p>\n<p style=\"text-align: center;\">Atenciosamente.<br \/>\nMunic\u00edpio de Meridiano<br \/>\n&#8211; Prefeita Marcia Cristina Adriano de Lima &#8211;<\/p>\n<hr \/>\n<blockquote>\n<p style=\"text-align: center;\">NOTA DA ARTEGI<\/p>\n<\/blockquote>\n<p>Nota da Empresa Artegi Furniture Ltda \u2013 de Meridiano SP<\/p>\n<p>A Empresa Artegi vem fazer este comunicado atrav\u00e9s do Sr. Paulo Rog\u00e9rio do jornal de not\u00edcias de Meridiano \u2013 Merionline que:<\/p>\n<p>A Artegi \u00e9 fruto de um longo trabalho da fam\u00edlia Domingues que Incasadamente trabalhou com neg\u00f3cios no setor moveleiro desde de nossa chegada em Meridiano em 1998.<\/p>\n<p>N\u00f3s fam\u00edlia Domingues e empresa Artegi s\u00f3 temos a agradecer a todas as administra\u00e7\u00f5es p\u00fablicas que sempre nos ajudaram e apoiaram em todos os neg\u00f3cios at\u00e9 chegar a Artegi.<\/p>\n<p>Agradecemos a todas as administra\u00e7\u00f5es \u2013 Vilma, Torrente, Val, Aristeu, Maicon e a Marcia.<br \/>\nConsideramos todos os mun\u00edcipes como fam\u00edlia e estamos tristes por estar deixando a cidade Meridiano.<\/p>\n<p>A empresa Artegi paga pelo uso do espa\u00e7o o valor das taxas municipais em UFM, conforme contrato de incuba\u00e7\u00e3o 074\/2016 com a prefeitura.<\/p>\n<p>A mudan\u00e7a da Artegi para outra cidade \u00e9 de total responsabilidade e decis\u00e3o particular da administra\u00e7\u00e3o da empresa Artegi e n\u00e3o tem liga\u00e7\u00e3o alguma ou desafeto com a Administra\u00e7\u00e3o publica atual.<\/p>\n<p>&nbsp;<\/p>\n","protected":false},"excerpt":{"rendered":"<p>Nos \u00faltimos dias, temos vistos coment\u00e1rios nas redes sociais sobre a empresa &#8220;ARTEGI&#8221; deixar Meridiano para se instalar em outro munic\u00edpio. V\u00e1rias especula\u00e7\u00f5es foram veiculadas sem ao menos saberem dos fatos, fatos estes de grande relev\u00e2ncia neste momento de desemprego e uma pandemia aterrorizante. Nosso canal tem compromisso com fatos verdadeiros, sem especula\u00e7\u00f5es, portanto, entramos [&hellip;]<\/p>\n","protected":false},"author":1,"featured_media":1418,"comment_status":"open","ping_status":"open","sticky":false,"template":"","format":"standard","meta":{"footnotes":""},"categories":[3,6],"tags":[],"_links":{"self":[{"href":"https:\/\/www.merionline.com.br\/noticias\/wp-json\/wp\/v2\/posts\/1417"}],"collection":[{"href":"https:\/\/www.merionline.com.br\/noticias\/wp-json\/wp\/v2\/posts"}],"about":[{"href":"https:\/\/www.merionline.com.br\/noticias\/wp-json\/wp\/v2\/types\/post"}],"author":[{"embeddable":true,"href":"https:\/\/www.merionline.com.br\/noticias\/wp-json\/wp\/v2\/users\/1"}],"replies":[{"embeddable":true,"href":"https:\/\/www.merionline.com.br\/noticias\/wp-json\/wp\/v2\/comments?post=1417"}],"version-history":[{"count":7,"href":"https:\/\/www.merionline.com.br\/noticias\/wp-json\/wp\/v2\/posts\/1417\/revisions"}],"predecessor-version":[{"id":1425,"href":"https:\/\/www.merionline.com.br\/noticias\/wp-json\/wp\/v2\/posts\/1417\/revisions\/1425"}],"wp:featuredmedia":[{"embeddable":true,"href":"https:\/\/www.merionline.com.br\/noticias\/wp-json\/wp\/v2\/media\/1418"}],"wp:attachment":[{"href":"https:\/\/www.merionline.com.br\/noticias\/wp-json\/wp\/v2\/media?parent=1417"}],"wp:term":[{"taxonomy":"category","embeddable":true,"href":"https:\/\/www.merionline.com.br\/noticias\/wp-json\/wp\/v2\/categories?post=1417"},{"taxonomy":"post_tag","embeddable":true,"href":"https:\/\/www.merionline.com.br\/noticias\/wp-json\/wp\/v2\/tags?post=1417"}],"curies":[{"name":"wp","href":"https:\/\/api.w.org\/{rel}","templated":true}]}}