{"id":143,"date":"2013-11-14T17:48:06","date_gmt":"2013-11-14T19:48:06","guid":{"rendered":"http:\/\/www.merionline.com.br\/noticias\/?p=143"},"modified":"2013-11-14T17:48:34","modified_gmt":"2013-11-14T19:48:34","slug":"banco-do-povo-paulista-cerimonia-de-inauguracao","status":"publish","type":"post","link":"https:\/\/www.merionline.com.br\/noticias\/banco-do-povo-paulista-cerimonia-de-inauguracao\/","title":{"rendered":"Banco do Povo Paulista: Cerim\u00f4nia de inaugura\u00e7\u00e3o !"},"content":{"rendered":"<p>O munic\u00edpio recebeu hoje a cerim\u00f4nia de inaugura\u00e7\u00e3o do Banco do Povo Paulista. Localizada na antiga Creche Municipal \u2013 Centro.<\/p>\n<p>V\u00e1rias autoridades estiveram no evento entre elas o prefeito Aristeu Baldin e vice Giovani Morandin.<br \/>\nEntre outras autoridades, estiveram presentes:<\/p>\n<p><strong>Tadeu Morais \u2013 Secret\u00e1rio de Estado do Emprego e Rela\u00e7\u00f5es do Trabalho.<\/strong><br \/>\n<strong>Ant\u00f4nio Mendon\u00e7a \u2013 Diretor Executivo do Banco do Povo Paulista. <\/strong><br \/>\n<strong>Gilberto Reis \u2013 Diretor Regional da SERT.<\/strong><br \/>\n<strong>Itamar Borges \u2013 Deputado Estadual<\/strong><br \/>\n<strong>Carl\u00e3o Pignatari \u2013 Deputado Estadual<\/strong><br \/>\n<strong>Jos\u00e9 Vieira representante do Deputado Estadual Sebasti\u00e3o Santos<\/strong><\/p>\n<p>Mendon\u00e7a destaca os beneficiados do banco. \u201cO programa alcan\u00e7a empreendedores formais ou informais, urbanos e rurais, microempreendedores individuais, produtores rurais, cooperativas e associa\u00e7\u00f5es de produ\u00e7\u00e3o formalmente constitu\u00eddas do munic\u00edpio\u201d, resume.<\/p>\n<p>\u201cTemos acelerado o trabalho para cumprir a determina\u00e7\u00e3o do governador Geraldo Alckmin de instalar uma ag\u00eancia do BPP em cada um dos 645 munic\u00edpios do Estado at\u00e9 o final do seu mandato\u201d, declara Mendon\u00e7a. Com esta inaugura\u00e7\u00e3o, o n\u00famero de ag\u00eancias no Estado sobe para 505.<\/p>\n[nggallery id=1]\n<p><strong>O Banco do Povo<br \/>\n<\/strong><br \/>\nEm 15 anos de atua\u00e7\u00e3o, o Banco do Povo Paulista (BPP) emprestou mais de R$ 1,2 bilh\u00e3o, beneficiando mais de 329 mil fam\u00edlias em todo o Estado. Somente neste ano, 28 mil pessoas foram atendidas, o que correspondeu a, aproximadamente, R$ 154,5 milh\u00f5es emprestados.<br \/>\nO BPP tamb\u00e9m oferece linhas de cr\u00e9dito especiais para os mutu\u00e1rios da Companhia de Desenvolvimento Habitacional e Urbano (CDHU), motofretistas e taxistas. A taxa de juros \u00e9 a mesma oferecida aos microempreendedores, 0,5% ao m\u00eas.<\/p>\n<p>Para mutu\u00e1rios da CDHU o valor do empr\u00e9stimo varia de R$ 200 a R$ 7,5 mil, que podem ser pagos em at\u00e9 36 vezes. Os motofretistas, podem se beneficiar com at\u00e9 R$ 6 mil para compra de novas motocicletas ou de equipamentos para atender \u00e0 nova regulamenta\u00e7\u00e3o do Denatran.<br \/>\nOs taxistas podem solicitar at\u00e9 R$ 7,5 mil e quitar as parcelas em at\u00e9 24 meses. Para conferir a rela\u00e7\u00e3o completa de endere\u00e7os das ag\u00eancias, acesse: www.bancodopovo.sp.gov.br.<\/p>\n<p>&nbsp;<\/p>\n","protected":false},"excerpt":{"rendered":"<p>O munic\u00edpio recebeu hoje a cerim\u00f4nia de inaugura\u00e7\u00e3o do Banco do Povo Paulista. Localizada na antiga Creche Municipal \u2013 Centro. V\u00e1rias autoridades estiveram no evento entre elas o prefeito Aristeu Baldin e vice Giovani Morandin. Entre outras autoridades, estiveram presentes: Tadeu Morais \u2013 Secret\u00e1rio de Estado do Emprego e Rela\u00e7\u00f5es do Trabalho. Ant\u00f4nio Mendon\u00e7a \u2013 [&hellip;]<\/p>\n","protected":false},"author":1,"featured_media":145,"comment_status":"open","ping_status":"open","sticky":false,"template":"","format":"standard","meta":{"footnotes":""},"categories":[6],"tags":[],"_links":{"self":[{"href":"https:\/\/www.merionline.com.br\/noticias\/wp-json\/wp\/v2\/posts\/143"}],"collection":[{"href":"https:\/\/www.merionline.com.br\/noticias\/wp-json\/wp\/v2\/posts"}],"about":[{"href":"https:\/\/www.merionline.com.br\/noticias\/wp-json\/wp\/v2\/types\/post"}],"author":[{"embeddable":true,"href":"https:\/\/www.merionline.com.br\/noticias\/wp-json\/wp\/v2\/users\/1"}],"replies":[{"embeddable":true,"href":"https:\/\/www.merionline.com.br\/noticias\/wp-json\/wp\/v2\/comments?post=143"}],"version-history":[{"count":3,"href":"https:\/\/www.merionline.com.br\/noticias\/wp-json\/wp\/v2\/posts\/143\/revisions"}],"predecessor-version":[{"id":148,"href":"https:\/\/www.merionline.com.br\/noticias\/wp-json\/wp\/v2\/posts\/143\/revisions\/148"}],"wp:featuredmedia":[{"embeddable":true,"href":"https:\/\/www.merionline.com.br\/noticias\/wp-json\/wp\/v2\/media\/145"}],"wp:attachment":[{"href":"https:\/\/www.merionline.com.br\/noticias\/wp-json\/wp\/v2\/media?parent=143"}],"wp:term":[{"taxonomy":"category","embeddable":true,"href":"https:\/\/www.merionline.com.br\/noticias\/wp-json\/wp\/v2\/categories?post=143"},{"taxonomy":"post_tag","embeddable":true,"href":"https:\/\/www.merionline.com.br\/noticias\/wp-json\/wp\/v2\/tags?post=143"}],"curies":[{"name":"wp","href":"https:\/\/api.w.org\/{rel}","templated":true}]}}