{"id":1447,"date":"2021-04-20T08:59:40","date_gmt":"2021-04-20T11:59:40","guid":{"rendered":"http:\/\/www.merionline.com.br\/noticias\/?p=1447"},"modified":"2021-04-20T11:18:31","modified_gmt":"2021-04-20T14:18:31","slug":"pela-maioria-aumento-salario-da-frente-de-trabalho-e-aprovada","status":"publish","type":"post","link":"https:\/\/www.merionline.com.br\/noticias\/pela-maioria-aumento-salario-da-frente-de-trabalho-e-aprovada\/","title":{"rendered":"Pela maioria aumento do sal\u00e1rio da frente de trabalho \u00e9 aprovada"},"content":{"rendered":"<p><em>PL (projeto de lei) sobre o aumento de sal\u00e1rio da frente de trabalho enviado ao legislativo para aprecia\u00e7\u00e3o foi aprovado.\u00a0<\/em><\/p>\n<p>A partir de agora o sal\u00e1rio da frente de trabalho passa a ser de R$ 1.100,00 (Hum mil e cem reais) para 8 horas trabalhadas.<\/p>\n<p>Todos os vereadores foram a tribuna para fazerem suas justificativas, dentre os 9 vereadores, todos foram a favor do aumento de sal\u00e1rio, por\u00e9m, tr\u00eas deles n\u00e3o concordavam com algumas mudan\u00e7as no projeto original.<\/p>\n<p>A vereadora Juliana Lima pediu vistas para o projeto, pois n\u00e3o concordava com o prazo de 12 para 24 meses, outra quest\u00e3o que fez 3 vereadores serem a favor do pedido de vista foi a redu\u00e7\u00e3o da car\u00eancia para novas contrata\u00e7\u00f5es, que eram de 3 meses passou a ser 0 (zero).<\/p>\n<p><strong>PEDIDO DE VISTA<\/strong><\/p>\n<p>O pedido de vista \u00e9 uma &#8220;pausa&#8221; tempor\u00e1ria no projeto, caso este pedido de vista fosse aprovado, o projeto n\u00e3o iria para vota\u00e7\u00e3o ficando para uma nova aprecia\u00e7\u00e3o, com isso o projeto seria estudado novamente e s\u00f3 depois voltaria na pauta do dia.<\/p>\n<p>Tr\u00eas vereadores se absteve do voto (Preferiram n\u00e3o votar), s\u00e3o eles:<\/p>\n<p>Juliana Lima (autora do pedido de vista);<br \/>\nRui Dias;<br \/>\nLucio Binati;<\/p>\n<p>A justificativa da absten\u00e7\u00e3o foi por n\u00e3o concordarem com altera\u00e7\u00f5es no projeto, mais deixaram claro que eram a favor do aumento de sal\u00e1rio.<\/p>\n<p>Os vereadores que votaram na PL da maneira que estava, foram;<\/p>\n<p>Ismael;<br \/>\nCleomar;<br \/>\nUelton;<br \/>\nAlexandre;<br \/>\nDitinho;<\/p>\n<p>Nesta ocasi\u00e3o, o presidente da casa n\u00e3o vota, somente daria seu voto em caso de empate.<\/p>\n<p><span style=\"color: #808080;\"><em>Por: Paulo Rog\u00e9rio\u00a0<\/em><\/span><\/p>\n<p>&nbsp;<\/p>\n<p>&nbsp;<\/p>\n","protected":false},"excerpt":{"rendered":"<p>PL (projeto de lei) sobre o aumento de sal\u00e1rio da frente de trabalho enviado ao legislativo para aprecia\u00e7\u00e3o foi aprovado.\u00a0 A partir de agora o sal\u00e1rio da frente de trabalho passa a ser de R$ 1.100,00 (Hum mil e cem reais) para 8 horas trabalhadas. Todos os vereadores foram a tribuna para fazerem suas justificativas, [&hellip;]<\/p>\n","protected":false},"author":1,"featured_media":1192,"comment_status":"open","ping_status":"open","sticky":false,"template":"","format":"standard","meta":{"footnotes":""},"categories":[3,6],"tags":[],"_links":{"self":[{"href":"https:\/\/www.merionline.com.br\/noticias\/wp-json\/wp\/v2\/posts\/1447"}],"collection":[{"href":"https:\/\/www.merionline.com.br\/noticias\/wp-json\/wp\/v2\/posts"}],"about":[{"href":"https:\/\/www.merionline.com.br\/noticias\/wp-json\/wp\/v2\/types\/post"}],"author":[{"embeddable":true,"href":"https:\/\/www.merionline.com.br\/noticias\/wp-json\/wp\/v2\/users\/1"}],"replies":[{"embeddable":true,"href":"https:\/\/www.merionline.com.br\/noticias\/wp-json\/wp\/v2\/comments?post=1447"}],"version-history":[{"count":4,"href":"https:\/\/www.merionline.com.br\/noticias\/wp-json\/wp\/v2\/posts\/1447\/revisions"}],"predecessor-version":[{"id":1452,"href":"https:\/\/www.merionline.com.br\/noticias\/wp-json\/wp\/v2\/posts\/1447\/revisions\/1452"}],"wp:featuredmedia":[{"embeddable":true,"href":"https:\/\/www.merionline.com.br\/noticias\/wp-json\/wp\/v2\/media\/1192"}],"wp:attachment":[{"href":"https:\/\/www.merionline.com.br\/noticias\/wp-json\/wp\/v2\/media?parent=1447"}],"wp:term":[{"taxonomy":"category","embeddable":true,"href":"https:\/\/www.merionline.com.br\/noticias\/wp-json\/wp\/v2\/categories?post=1447"},{"taxonomy":"post_tag","embeddable":true,"href":"https:\/\/www.merionline.com.br\/noticias\/wp-json\/wp\/v2\/tags?post=1447"}],"curies":[{"name":"wp","href":"https:\/\/api.w.org\/{rel}","templated":true}]}}