{"id":1462,"date":"2021-04-25T22:40:28","date_gmt":"2021-04-26T01:40:28","guid":{"rendered":"http:\/\/www.merionline.com.br\/noticias\/?p=1462"},"modified":"2021-04-26T08:50:46","modified_gmt":"2021-04-26T11:50:46","slug":"vereadores-de-meridiano-uelton-e-cleomar-conseguem-r-60-mil-atraves-de-emenda-parlamentar","status":"publish","type":"post","link":"https:\/\/www.merionline.com.br\/noticias\/vereadores-de-meridiano-uelton-e-cleomar-conseguem-r-60-mil-atraves-de-emenda-parlamentar\/","title":{"rendered":"Vereadores de Meridiano &#8211; Uelton e Cleomar conseguem R$ 60 mil atrav\u00e9s de Emenda Parlamentar"},"content":{"rendered":"<p><em>Deputada Renata Abreu do (Presidente do Podemos), destinou para Meridiano atrav\u00e9s de uma emenda parlamentar R$ 60.000,00 (sessenta mil reais).<\/em><\/p>\n<p>O pedido foi feito pelos vereadores Uelton e o Cleomar no come\u00e7o do ano. O valor dever\u00e1 cair nos cofres p\u00fablicos nos pr\u00f3ximos dias. O valor ser\u00e1 destinado para sa\u00fade.<\/p>\n<p>Segundo os vereadores, este \u00e9 mais um resultado de muito trabalho e persist\u00eancia. N\u00e3o \u00e9 a primeira vez que a Deputada e sua equipe envia recursos para Meridiano, no ano passado foram R$ 760.000,00 (setecentos e sessenta mil reais) em recursos.<\/p>\n<p>&#8220;Esperamos que o presente recurso beneficie toda popula\u00e7\u00e3o desse munic\u00edpio e reafirmamos que nosso mandato ser\u00e1 exercido e compartilhado em conson\u00e2ncia com o prof\u00edcuo trabalho que Vossa Excel\u00eancia vem exercendo junto ao Poder Legislativo&#8221;.; &#8211; Destacou a Deputada.<\/p>\n<p><span style=\"color: #999999;\">Por: Paulo Rog\u00e9rio<\/span><\/p>\n","protected":false},"excerpt":{"rendered":"<p>Deputada Renata Abreu do (Presidente do Podemos), destinou para Meridiano atrav\u00e9s de uma emenda parlamentar R$ 60.000,00 (sessenta mil reais). O pedido foi feito pelos vereadores Uelton e o Cleomar no come\u00e7o do ano. O valor dever\u00e1 cair nos cofres p\u00fablicos nos pr\u00f3ximos dias. O valor ser\u00e1 destinado para sa\u00fade. Segundo os vereadores, este \u00e9 [&hellip;]<\/p>\n","protected":false},"author":1,"featured_media":1463,"comment_status":"open","ping_status":"open","sticky":false,"template":"","format":"standard","meta":{"footnotes":""},"categories":[3],"tags":[],"_links":{"self":[{"href":"https:\/\/www.merionline.com.br\/noticias\/wp-json\/wp\/v2\/posts\/1462"}],"collection":[{"href":"https:\/\/www.merionline.com.br\/noticias\/wp-json\/wp\/v2\/posts"}],"about":[{"href":"https:\/\/www.merionline.com.br\/noticias\/wp-json\/wp\/v2\/types\/post"}],"author":[{"embeddable":true,"href":"https:\/\/www.merionline.com.br\/noticias\/wp-json\/wp\/v2\/users\/1"}],"replies":[{"embeddable":true,"href":"https:\/\/www.merionline.com.br\/noticias\/wp-json\/wp\/v2\/comments?post=1462"}],"version-history":[{"count":5,"href":"https:\/\/www.merionline.com.br\/noticias\/wp-json\/wp\/v2\/posts\/1462\/revisions"}],"predecessor-version":[{"id":1469,"href":"https:\/\/www.merionline.com.br\/noticias\/wp-json\/wp\/v2\/posts\/1462\/revisions\/1469"}],"wp:featuredmedia":[{"embeddable":true,"href":"https:\/\/www.merionline.com.br\/noticias\/wp-json\/wp\/v2\/media\/1463"}],"wp:attachment":[{"href":"https:\/\/www.merionline.com.br\/noticias\/wp-json\/wp\/v2\/media?parent=1462"}],"wp:term":[{"taxonomy":"category","embeddable":true,"href":"https:\/\/www.merionline.com.br\/noticias\/wp-json\/wp\/v2\/categories?post=1462"},{"taxonomy":"post_tag","embeddable":true,"href":"https:\/\/www.merionline.com.br\/noticias\/wp-json\/wp\/v2\/tags?post=1462"}],"curies":[{"name":"wp","href":"https:\/\/api.w.org\/{rel}","templated":true}]}}