{"id":15,"date":"2013-11-08T00:09:46","date_gmt":"2013-11-08T02:09:46","guid":{"rendered":"http:\/\/www.merionline.com.br\/noticias\/?p=15"},"modified":"2013-11-08T00:44:11","modified_gmt":"2013-11-08T02:44:11","slug":"alunos-da-emef-paula-zangrando-ficou-em-1o-lugar-no-projeto-futuro-mais-verde","status":"publish","type":"post","link":"https:\/\/www.merionline.com.br\/noticias\/alunos-da-emef-paula-zangrando-ficou-em-1o-lugar-no-projeto-futuro-mais-verde\/","title":{"rendered":"Alunos da EMEF Paula Zangrando ficou em 1\u00ba lugar no Projeto futuro mais verde !"},"content":{"rendered":"<p>A\u00a0<b>EMEF. Prof\u00aa Paula Zangrando<\/b>\u00a0e<b>EMEF. Odair de Oliveira Silva,<\/b>sentem-se honradas em participar mais um ano do<b>Projeto Futuro Mais<\/b>\u00a0<b>Verde<\/b>, proporcionado pela\u00a0<b>Usina Noble Bioenergia<\/b>, cujo tema desse ano \u00e9 \u00a0<b>\u201c\u00c1gua\u00a0<\/b>&#8211;\u00a0<b>Fonte Inesgot\u00e1vel de Vida\u201d ,\u00a0<\/b>\u00a0tendo como objetivo principal conscientizar nossos alunos\u00a0 a preserva\u00e7\u00e3o do Meio Ambiente.<\/p>\n<p>O evento foi realizado no\u00a0<b>Centro de Conven\u00e7\u00f5es em Votuporanga,<\/b>\u00a0dia\u00a0<b>05\/06\/2013<\/b>\u00a0, em que contou com a participa\u00e7\u00e3o de 6 munic\u00edpios da regi\u00e3o.<\/p>\n<p>O projeto \u00e9 dividido em 2 etapas: \u2013 1\u00aa Etapa as escolas apresentaram diversas atividades relacionadas ao tema, ficando a escola do munic\u00edpio de Meridiano com a\u00a0<b>1\u00aa coloca\u00e7\u00e3o<\/b>.<\/p>\n<p>Cada crian\u00e7a recebeu uma muda de \u00e1rvore nativa para cuidar, pois ser\u00e1 plantada no dia da \u00e1rvore no pr\u00f3prio munic\u00edpio.<\/p>\n<p>A 2\u00aa Etapa ser\u00e1 em setembro finalizando o Projeto com mais apresenta\u00e7\u00f5es dos munic\u00edpios participantes.<\/p>\n<p>A comunidade escolar agradece a Usina por esse evento que vem ao encontro dos projetos desenvolvidos na escola, oferecendo aos alunos maiores oportunidades de vivenciar novas experi\u00eancias, buscando a conquista de mais um t\u00edtulo.<\/p>\n<p>A equipe gestora parabeniza professores, funcion\u00e1rios e aos alunos pelo maravilhoso trabalho realizado em equipe e determina\u00e7\u00e3o na conquista dessa 1\u00aa Etapa.<a href=\"http:\/\/www.merionline.com.br\/portal\/wp-content\/uploads\/20130605_124105.jpg\">\u00a0<\/a><\/p>\n","protected":false},"excerpt":{"rendered":"<p>A\u00a0EMEF. Prof\u00aa Paula Zangrando\u00a0eEMEF. Odair de Oliveira Silva,sentem-se honradas em participar mais um ano doProjeto Futuro Mais\u00a0Verde, proporcionado pela\u00a0Usina Noble Bioenergia, cujo tema desse ano \u00e9 \u00a0\u201c\u00c1gua\u00a0&#8211;\u00a0Fonte Inesgot\u00e1vel de Vida\u201d ,\u00a0\u00a0tendo como objetivo principal conscientizar nossos alunos\u00a0 a preserva\u00e7\u00e3o do Meio Ambiente. O evento foi realizado no\u00a0Centro de Conven\u00e7\u00f5es em Votuporanga,\u00a0dia\u00a005\/06\/2013\u00a0, em que contou com [&hellip;]<\/p>\n","protected":false},"author":1,"featured_media":16,"comment_status":"open","ping_status":"open","sticky":false,"template":"","format":"standard","meta":{"footnotes":""},"categories":[6],"tags":[],"_links":{"self":[{"href":"https:\/\/www.merionline.com.br\/noticias\/wp-json\/wp\/v2\/posts\/15"}],"collection":[{"href":"https:\/\/www.merionline.com.br\/noticias\/wp-json\/wp\/v2\/posts"}],"about":[{"href":"https:\/\/www.merionline.com.br\/noticias\/wp-json\/wp\/v2\/types\/post"}],"author":[{"embeddable":true,"href":"https:\/\/www.merionline.com.br\/noticias\/wp-json\/wp\/v2\/users\/1"}],"replies":[{"embeddable":true,"href":"https:\/\/www.merionline.com.br\/noticias\/wp-json\/wp\/v2\/comments?post=15"}],"version-history":[{"count":1,"href":"https:\/\/www.merionline.com.br\/noticias\/wp-json\/wp\/v2\/posts\/15\/revisions"}],"predecessor-version":[{"id":17,"href":"https:\/\/www.merionline.com.br\/noticias\/wp-json\/wp\/v2\/posts\/15\/revisions\/17"}],"wp:featuredmedia":[{"embeddable":true,"href":"https:\/\/www.merionline.com.br\/noticias\/wp-json\/wp\/v2\/media\/16"}],"wp:attachment":[{"href":"https:\/\/www.merionline.com.br\/noticias\/wp-json\/wp\/v2\/media?parent=15"}],"wp:term":[{"taxonomy":"category","embeddable":true,"href":"https:\/\/www.merionline.com.br\/noticias\/wp-json\/wp\/v2\/categories?post=15"},{"taxonomy":"post_tag","embeddable":true,"href":"https:\/\/www.merionline.com.br\/noticias\/wp-json\/wp\/v2\/tags?post=15"}],"curies":[{"name":"wp","href":"https:\/\/api.w.org\/{rel}","templated":true}]}}