{"id":1506,"date":"2021-05-28T09:22:45","date_gmt":"2021-05-28T12:22:45","guid":{"rendered":"http:\/\/www.merionline.com.br\/noticias\/?p=1506"},"modified":"2021-05-28T11:25:31","modified_gmt":"2021-05-28T14:25:31","slug":"equipe-medica-encerraram-os-atendimentos-noturnos-do-centro-de-covid-de-meridiano","status":"publish","type":"post","link":"https:\/\/www.merionline.com.br\/noticias\/equipe-medica-encerraram-os-atendimentos-noturnos-do-centro-de-covid-de-meridiano\/","title":{"rendered":"Equipe m\u00e9dica encerraram os atendimentos noturnos do centro de Covid de Meridiano"},"content":{"rendered":"<p><span style=\"color: #993366;\"><em>&#8220;Central da Covid-19 de Meridiano n\u00e3o ter\u00e1 atendimento noturno, pelo menos por enquanto&#8221;<\/em><\/span><\/p>\n<p>O <span style=\"color: #ff0000;\"><strong>Merionline<\/strong><\/span> tem recebido algumas mensagens da popula\u00e7\u00e3o referente a redu\u00e7\u00e3o nos atendimentos m\u00e9dicos na central da Covid, como de costume, nosso canal procura &#8220;primeiramente&#8221; colher dados antes de expor demasiadamente os fatos. Ontem (28) procuramos a secretaria de sa\u00fade de Meridiano-SP com intuito de buscar respostas sobre o fechamento noturno da central da covid, segue nota oficial:<\/p>\n<p><em><strong>NOTA DA SECRETARIA DE SA\u00daDE<\/strong><\/em><\/p>\n<p>\u00c9 lament\u00e1vel a forma que veicularam as informa\u00e7\u00f5es nas redes sociais, mais uma vez se trata de informa\u00e7\u00f5es &#8220;inver\u00eddicas&#8221;.<\/p>\n<p>Inicialmente a Prefeita deste Munic\u00edpio decidiu abrir a central da Covid no per\u00edodo noturno pelos aumentos de casos exagerados que ocorreram nos meses de fevereiro e mar\u00e7o.<\/p>\n<p>No come\u00e7o de maio houve uma dr\u00e1stica diminui\u00e7\u00e3o dos casos devidos\u00a0 as medidas restritivas tomadas atrav\u00e9s de Decretos Estaduais\/Municipais, portanto, visando o princ\u00edpio da &#8220;economicidade&#8221; (diminui\u00e7\u00e3o de gastos), e n\u00e3o havendo necessidade de dispender valores desnecess\u00e1rios foi tomada a decis\u00e3o de manter o atendimento apenas no per\u00edodo diurno.<\/p>\n<p>Ressaltamos que a qualquer momento, havendo aumento do n\u00famero de casos, o Munic\u00edpio voltar\u00e1 contratar profissionais para o Centro do Covid imediatamente.<\/p>\n<p><strong>Vigil\u00e2ncia Sanit\u00e1ria<\/strong><\/p>\n<p>Informamos ainda que a equipe da vigil\u00e2ncia sanit\u00e1ria contratada para as devidas finalidades ter\u00e3o seus contratos &#8220;rescindidos&#8221;, haja visto a desnecessidade do momento, mais poder\u00e3o voltar a qualquer momento se aumentarem os casos.<\/p>\n<p><strong>Alega\u00e7\u00e3o de falta de pagamento e a falta de contrato com a equipe m\u00e9dica<\/strong><\/p>\n<p>Os plant\u00f5es m\u00e9dicos s\u00e3o pagos \u00e0 raz\u00e3o de R$ 850,00 reais por plant\u00e3o noturno, com fundamento no Decreto n\u00b0 2183, de 24 de mar\u00e7o de 2020, que declarou situa\u00e7\u00e3o de calamidade p\u00fablica no Munic\u00edpio de Meridiano, cujo mesmo foi homologado pela ALESP. \u00a0\u00a0Conforme referido Decreto em situa\u00e7\u00f5es de calamidade as presta\u00e7\u00f5es de servi\u00e7os\u00a0 de pessoas naturais como jur\u00eddicas ser\u00e3o indenizados ( Inciso XII, art. 15 da Lei Federal n\u00b0 8.080, de 19 de setembro de1990) \u00a0como foi procedido por esta Administra\u00e7\u00e3o Municipal.<\/p>\n<p><strong>Atrasos nos pagamentos<\/strong><\/p>\n<p>Houveram pequenos atrasos nos pagamentos, mas ocorreram devidos \u00e0s &#8220;burocracias&#8221; corriqueiras,\u00a0 e atualmente todos os pagamentos est\u00e3o regularizados.<\/p>\n<p><span style=\"color: #999999;\"><em>Por: Paulo Rog\u00e9rio<\/em><\/span><\/p>\n<figure id=\"attachment_914\" aria-describedby=\"caption-attachment-914\" style=\"width: 474px\" class=\"wp-caption aligncenter\"><img loading=\"lazy\" decoding=\"async\" class=\"size-full wp-image-914\" src=\"https:\/\/www.merionline.com.br\/noticias\/wp-content\/uploads\/2020\/03\/WhatsApp-Image-2020-03-17-at-18.39.59-3.jpeg\" alt=\"\" width=\"474\" height=\"381\" srcset=\"https:\/\/www.merionline.com.br\/noticias\/wp-content\/uploads\/2020\/03\/WhatsApp-Image-2020-03-17-at-18.39.59-3.jpeg 474w, https:\/\/www.merionline.com.br\/noticias\/wp-content\/uploads\/2020\/03\/WhatsApp-Image-2020-03-17-at-18.39.59-3-300x241.jpeg 300w\" sizes=\"(max-width: 474px) 100vw, 474px\" \/><figcaption id=\"caption-attachment-914\" class=\"wp-caption-text\">PUBLICIDADE &#8211; ANUNCIE AQUI<\/figcaption><\/figure>\n<p>&nbsp;<\/p>\n","protected":false},"excerpt":{"rendered":"<p>&#8220;Central da Covid-19 de Meridiano n\u00e3o ter\u00e1 atendimento noturno, pelo menos por enquanto&#8221; O Merionline tem recebido algumas mensagens da popula\u00e7\u00e3o referente a redu\u00e7\u00e3o nos atendimentos m\u00e9dicos na central da Covid, como de costume, nosso canal procura &#8220;primeiramente&#8221; colher dados antes de expor demasiadamente os fatos. Ontem (28) procuramos a secretaria de sa\u00fade de Meridiano-SP [&hellip;]<\/p>\n","protected":false},"author":1,"featured_media":1111,"comment_status":"open","ping_status":"open","sticky":false,"template":"","format":"standard","meta":{"footnotes":""},"categories":[3,6],"tags":[],"_links":{"self":[{"href":"https:\/\/www.merionline.com.br\/noticias\/wp-json\/wp\/v2\/posts\/1506"}],"collection":[{"href":"https:\/\/www.merionline.com.br\/noticias\/wp-json\/wp\/v2\/posts"}],"about":[{"href":"https:\/\/www.merionline.com.br\/noticias\/wp-json\/wp\/v2\/types\/post"}],"author":[{"embeddable":true,"href":"https:\/\/www.merionline.com.br\/noticias\/wp-json\/wp\/v2\/users\/1"}],"replies":[{"embeddable":true,"href":"https:\/\/www.merionline.com.br\/noticias\/wp-json\/wp\/v2\/comments?post=1506"}],"version-history":[{"count":8,"href":"https:\/\/www.merionline.com.br\/noticias\/wp-json\/wp\/v2\/posts\/1506\/revisions"}],"predecessor-version":[{"id":1515,"href":"https:\/\/www.merionline.com.br\/noticias\/wp-json\/wp\/v2\/posts\/1506\/revisions\/1515"}],"wp:featuredmedia":[{"embeddable":true,"href":"https:\/\/www.merionline.com.br\/noticias\/wp-json\/wp\/v2\/media\/1111"}],"wp:attachment":[{"href":"https:\/\/www.merionline.com.br\/noticias\/wp-json\/wp\/v2\/media?parent=1506"}],"wp:term":[{"taxonomy":"category","embeddable":true,"href":"https:\/\/www.merionline.com.br\/noticias\/wp-json\/wp\/v2\/categories?post=1506"},{"taxonomy":"post_tag","embeddable":true,"href":"https:\/\/www.merionline.com.br\/noticias\/wp-json\/wp\/v2\/tags?post=1506"}],"curies":[{"name":"wp","href":"https:\/\/api.w.org\/{rel}","templated":true}]}}