{"id":1517,"date":"2021-05-30T21:19:17","date_gmt":"2021-05-31T00:19:17","guid":{"rendered":"http:\/\/www.merionline.com.br\/noticias\/?p=1517"},"modified":"2021-05-30T21:48:02","modified_gmt":"2021-05-31T00:48:02","slug":"meridiano-tera-um-polo-universitario-da-faculdade-anhanguera-ja-nas-proximas-semanas","status":"publish","type":"post","link":"https:\/\/www.merionline.com.br\/noticias\/meridiano-tera-um-polo-universitario-da-faculdade-anhanguera-ja-nas-proximas-semanas\/","title":{"rendered":"Meridiano ter\u00e1 um Polo Universit\u00e1rio da faculdade Anhanguera j\u00e1 nas pr\u00f3ximas semanas"},"content":{"rendered":"<div class=\"\" data-block=\"true\" data-editor=\"diboo\" data-offset-key=\"8e48e-0-0\">\n<div class=\"_1mf _1mj\" data-offset-key=\"8e48e-0-0\">Entre dezenas de unidades espalhadas pelo Brasil, a faculdade Anhanguera ir\u00e1 montar um polo universit\u00e1rio na cidade de Meridiano-SP. A faculdade Anhanguera oferece cursos EAD (Estudo a dist\u00e2ncia). A principio a faculdade ter\u00e1 seu escrit\u00f3rio ao lado do correio.<\/div>\n<\/div>\n<div class=\"\" data-block=\"true\" data-editor=\"diboo\" data-offset-key=\"5uqqq-0-0\">\n<div class=\"_1mf _1mj\" data-offset-key=\"5uqqq-0-0\"><span data-offset-key=\"5uqqq-0-0\">\u00a0<\/span><\/div>\n<\/div>\n<div class=\"\" data-block=\"true\" data-editor=\"diboo\" data-offset-key=\"8an4j-0-0\">\n<div class=\"_1mf _1mj\" data-offset-key=\"8an4j-0-0\"><span data-offset-key=\"8an4j-0-0\">A Anhanguera Educacional foi fundada em 1994 e, em 2014, passou a fazer parte da Kroton Educacional, maior grupo educacional do Brasil.<\/span><\/div>\n<\/div>\n<div class=\"\" data-block=\"true\" data-editor=\"diboo\" data-offset-key=\"9plsv-0-0\">\n<div class=\"_1mf _1mj\" data-offset-key=\"9plsv-0-0\"><span data-offset-key=\"9plsv-0-0\">\u00a0<\/span><\/div>\n<\/div>\n<div class=\"\" data-block=\"true\" data-editor=\"diboo\" data-offset-key=\"31kdg-0-0\">\n<div class=\"_1mf _1mj\" data-offset-key=\"31kdg-0-0\"><span data-offset-key=\"31kdg-0-0\">Atualmente, oferece cursos de gradua\u00e7\u00e3o, p\u00f3s-gradua\u00e7\u00e3o, t\u00e9cnicos e de extens\u00e3o, em diversas \u00e1reas do conhecimento.<\/span><\/div>\n<\/div>\n<div class=\"\" data-block=\"true\" data-editor=\"diboo\" data-offset-key=\"8mqs8-0-0\">\n<div class=\"_1mf _1mj\" data-offset-key=\"8mqs8-0-0\"><span data-offset-key=\"8mqs8-0-0\">\u00a0<\/span><\/div>\n<\/div>\n<div class=\"\" data-block=\"true\" data-editor=\"diboo\" data-offset-key=\"2vcab-0-0\">\n<div class=\"_1mf _1mj\" data-offset-key=\"2vcab-0-0\"><span data-offset-key=\"2vcab-0-0\">Para garantir a qualidade de ensino, a institui\u00e7\u00e3o conta com aproximadamente 15 mil profissionais e professores, entre especialistas, mestres e doutores.<\/span><\/div>\n<\/div>\n<div class=\"\" data-block=\"true\" data-editor=\"diboo\" data-offset-key=\"v3k6-0-0\">\n<div class=\"_1mf _1mj\" data-offset-key=\"v3k6-0-0\"><span data-offset-key=\"v3k6-0-0\">\u00a0<\/span><\/div>\n<\/div>\n<div class=\"\" data-block=\"true\" data-editor=\"diboo\" data-offset-key=\"51qm9-0-0\">\n<div class=\"_1mf _1mj\" data-offset-key=\"51qm9-0-0\"><span data-offset-key=\"51qm9-0-0\">No dia 19\/05, a prefeita Marcia Adriano, esteve na cidade de Rio Claro &#8211; SP no polo Educacional Anhanguera para firmar contrato e dar in\u00edcio no Polo Universit\u00e1rio do nosso munic\u00edpio.<\/p>\n<p><\/span><\/div>\n<div data-offset-key=\"51qm9-0-0\">\n<div style=\"width: 480px;\" class=\"wp-video\"><!--[if lt IE 9]><script>document.createElement('video');<\/script><![endif]-->\n<video class=\"wp-video-shortcode\" id=\"video-1517-1\" width=\"480\" height=\"272\" preload=\"metadata\" controls=\"controls\"><source type=\"video\/mp4\" src=\"https:\/\/www.merionline.com.br\/noticias\/wp-content\/uploads\/2021\/05\/faculdade-mobile.mp4?_=1\" \/><a href=\"https:\/\/www.merionline.com.br\/noticias\/wp-content\/uploads\/2021\/05\/faculdade-mobile.mp4\">https:\/\/www.merionline.com.br\/noticias\/wp-content\/uploads\/2021\/05\/faculdade-mobile.mp4<\/a><\/video><\/div>\n<\/div>\n<\/div>\n<div class=\"\" data-block=\"true\" data-editor=\"diboo\" data-offset-key=\"3n919-0-0\">\n<div class=\"_1mf _1mj\" data-offset-key=\"3n919-0-0\"><span data-offset-key=\"3n919-0-0\">\u00a0<\/span><\/div>\n<\/div>\n<div class=\"\" data-block=\"true\" data-editor=\"diboo\" data-offset-key=\"bp96m-0-0\">\n<div class=\"_1mf _1mj\" data-offset-key=\"bp96m-0-0\"><span data-offset-key=\"bp96m-0-0\">O Projeto de lei foi aprovado por unanimidade na C\u00e2mara de Meridiano em sess\u00e3o ordin\u00e1ria no dia 17\/05.<\/span><\/div>\n<\/div>\n<div class=\"\" data-block=\"true\" data-editor=\"diboo\" data-offset-key=\"6clk7-0-0\">\n<div class=\"_1mf _1mj\" data-offset-key=\"6clk7-0-0\"><span data-offset-key=\"6clk7-0-0\">\u00a0<\/span><\/div>\n<\/div>\n<div class=\"\" data-block=\"true\" data-editor=\"diboo\" data-offset-key=\"85bro-0-0\">\n<div class=\"_1mf _1mj\" data-offset-key=\"85bro-0-0\"><span data-offset-key=\"85bro-0-0\">A unidade servir\u00e1 de apoio para alunos matriculados na modalidade EAD, e a Anhanguera conta com v\u00e1rios cursos profissionalizantes e de p\u00f3s-gradua\u00e7\u00e3o em sua grade com pre\u00e7os acess\u00edveis.<\/span><\/div>\n<\/div>\n","protected":false},"excerpt":{"rendered":"<p>Entre dezenas de unidades espalhadas pelo Brasil, a faculdade Anhanguera ir\u00e1 montar um polo universit\u00e1rio na cidade de Meridiano-SP. A faculdade Anhanguera oferece cursos EAD (Estudo a dist\u00e2ncia). A principio a faculdade ter\u00e1 seu escrit\u00f3rio ao lado do correio. \u00a0 A Anhanguera Educacional foi fundada em 1994 e, em 2014, passou a fazer parte da [&hellip;]<\/p>\n","protected":false},"author":1,"featured_media":1518,"comment_status":"open","ping_status":"open","sticky":false,"template":"","format":"standard","meta":{"footnotes":""},"categories":[6],"tags":[],"_links":{"self":[{"href":"https:\/\/www.merionline.com.br\/noticias\/wp-json\/wp\/v2\/posts\/1517"}],"collection":[{"href":"https:\/\/www.merionline.com.br\/noticias\/wp-json\/wp\/v2\/posts"}],"about":[{"href":"https:\/\/www.merionline.com.br\/noticias\/wp-json\/wp\/v2\/types\/post"}],"author":[{"embeddable":true,"href":"https:\/\/www.merionline.com.br\/noticias\/wp-json\/wp\/v2\/users\/1"}],"replies":[{"embeddable":true,"href":"https:\/\/www.merionline.com.br\/noticias\/wp-json\/wp\/v2\/comments?post=1517"}],"version-history":[{"count":5,"href":"https:\/\/www.merionline.com.br\/noticias\/wp-json\/wp\/v2\/posts\/1517\/revisions"}],"predecessor-version":[{"id":1525,"href":"https:\/\/www.merionline.com.br\/noticias\/wp-json\/wp\/v2\/posts\/1517\/revisions\/1525"}],"wp:featuredmedia":[{"embeddable":true,"href":"https:\/\/www.merionline.com.br\/noticias\/wp-json\/wp\/v2\/media\/1518"}],"wp:attachment":[{"href":"https:\/\/www.merionline.com.br\/noticias\/wp-json\/wp\/v2\/media?parent=1517"}],"wp:term":[{"taxonomy":"category","embeddable":true,"href":"https:\/\/www.merionline.com.br\/noticias\/wp-json\/wp\/v2\/categories?post=1517"},{"taxonomy":"post_tag","embeddable":true,"href":"https:\/\/www.merionline.com.br\/noticias\/wp-json\/wp\/v2\/tags?post=1517"}],"curies":[{"name":"wp","href":"https:\/\/api.w.org\/{rel}","templated":true}]}}