{"id":1544,"date":"2021-07-28T22:22:46","date_gmt":"2021-07-29T01:22:46","guid":{"rendered":"http:\/\/www.merionline.com.br\/noticias\/?p=1544"},"modified":"2021-07-29T09:39:52","modified_gmt":"2021-07-29T12:39:52","slug":"meridiano-se-prepara-para-volta-as-aulas-presenciais-preparativos-e-cuidados-estao-a-todo-vapor","status":"publish","type":"post","link":"https:\/\/www.merionline.com.br\/noticias\/meridiano-se-prepara-para-volta-as-aulas-presenciais-preparativos-e-cuidados-estao-a-todo-vapor\/","title":{"rendered":"Meridiano se prepara para volta as aulas presenciais, preparativos e cuidados est\u00e3o a todo vapor!"},"content":{"rendered":"<p>A Secret\u00e1ria da Educa\u00e7\u00e3o Municipal de Meridiano, Gisele Girardi, em parceria com a Vigil\u00e2ncia Sanit\u00e1ria, pastor Saraudy e Diretora Marli Lucon, realizaram um curso de capacita\u00e7\u00e3o com intuito de orientar todos os funcion\u00e1rios, motoristas e monitores da escola Donato Marcelo Balbo para volta as aulas em seguran\u00e7a.<\/p>\n<p>No dia 13 de setembro, a Secretaria da Educa\u00e7\u00e3o vai fornecer o mesmo curso de capacita\u00e7\u00e3o aos professores das escolas\/creches; Emei Dolores Maria Torrente, EMEF Professora Paula Zangrando e Emeif Aneice Garcia.<\/p>\n<p><strong>DEDETIZA\u00c7\u00c3O E HIGIENIZA\u00c7\u00c3O\u00a0<\/strong><\/p>\n<p>Hoje (28), a escola Donato Marcelo Balbo foi dedetizada, higienizada e houve tamb\u00e9m a limpeza da caixa d&#8217;\u00e1gua. Entre os itens que foram higienizados est\u00e3o os corrim\u00e3os, ma\u00e7anetas, carteiras, cadeiras, mesas entre outros objetos que estar\u00e3o em contato com os alunos. Todas as medidas foram tomadas para manter a seguran\u00e7a de todos.<\/p>\n<p>Os \u00f4nibus tamb\u00e9m ser\u00e3o higienizados todos os dias e\/ou todas as vezes que forem utilizados no transporte dos alunos. Os monitores tamb\u00e9m v\u00e3o aferir\/medir \u00e0 temperatura antes dos alunos entrarem nos \u00f4nibus e principalmente o uso do \u00e1lcool em gel.<\/p>\n<p><strong>CONTROLE DE LINHA<\/strong><\/p>\n<p>Os monitores ter\u00e3o uma lista de presen\u00e7a com todos os nomes dos alunos que utilizam a linha de transporte, ser\u00e3o feitas chamadas todos os dias e anotadas as devidas observa\u00e7\u00f5es que forem necess\u00e1rias para um controle melhor.<\/p>\n","protected":false},"excerpt":{"rendered":"<p>A Secret\u00e1ria da Educa\u00e7\u00e3o Municipal de Meridiano, Gisele Girardi, em parceria com a Vigil\u00e2ncia Sanit\u00e1ria, pastor Saraudy e Diretora Marli Lucon, realizaram um curso de capacita\u00e7\u00e3o com intuito de orientar todos os funcion\u00e1rios, motoristas e monitores da escola Donato Marcelo Balbo para volta as aulas em seguran\u00e7a. No dia 13 de setembro, a Secretaria da [&hellip;]<\/p>\n","protected":false},"author":1,"featured_media":1545,"comment_status":"open","ping_status":"open","sticky":false,"template":"","format":"standard","meta":{"footnotes":""},"categories":[3,6],"tags":[],"_links":{"self":[{"href":"https:\/\/www.merionline.com.br\/noticias\/wp-json\/wp\/v2\/posts\/1544"}],"collection":[{"href":"https:\/\/www.merionline.com.br\/noticias\/wp-json\/wp\/v2\/posts"}],"about":[{"href":"https:\/\/www.merionline.com.br\/noticias\/wp-json\/wp\/v2\/types\/post"}],"author":[{"embeddable":true,"href":"https:\/\/www.merionline.com.br\/noticias\/wp-json\/wp\/v2\/users\/1"}],"replies":[{"embeddable":true,"href":"https:\/\/www.merionline.com.br\/noticias\/wp-json\/wp\/v2\/comments?post=1544"}],"version-history":[{"count":4,"href":"https:\/\/www.merionline.com.br\/noticias\/wp-json\/wp\/v2\/posts\/1544\/revisions"}],"predecessor-version":[{"id":1551,"href":"https:\/\/www.merionline.com.br\/noticias\/wp-json\/wp\/v2\/posts\/1544\/revisions\/1551"}],"wp:featuredmedia":[{"embeddable":true,"href":"https:\/\/www.merionline.com.br\/noticias\/wp-json\/wp\/v2\/media\/1545"}],"wp:attachment":[{"href":"https:\/\/www.merionline.com.br\/noticias\/wp-json\/wp\/v2\/media?parent=1544"}],"wp:term":[{"taxonomy":"category","embeddable":true,"href":"https:\/\/www.merionline.com.br\/noticias\/wp-json\/wp\/v2\/categories?post=1544"},{"taxonomy":"post_tag","embeddable":true,"href":"https:\/\/www.merionline.com.br\/noticias\/wp-json\/wp\/v2\/tags?post=1544"}],"curies":[{"name":"wp","href":"https:\/\/api.w.org\/{rel}","templated":true}]}}