{"id":1553,"date":"2021-07-29T15:26:04","date_gmt":"2021-07-29T18:26:04","guid":{"rendered":"http:\/\/www.merionline.com.br\/noticias\/?p=1553"},"modified":"2021-07-29T15:26:04","modified_gmt":"2021-07-29T18:26:04","slug":"bolsa-do-povo-educacao-tera-beneficio-no-valor-de-r-500-mensais-durante-seis-meses-leia-materia","status":"publish","type":"post","link":"https:\/\/www.merionline.com.br\/noticias\/bolsa-do-povo-educacao-tera-beneficio-no-valor-de-r-500-mensais-durante-seis-meses-leia-materia\/","title":{"rendered":"&#8220;Bolsa do Povo Educa\u00e7\u00e3o&#8221; ter\u00e1 benef\u00edcio no valor de R$ 500 mensais durante seis meses, Leia Mat\u00e9ria"},"content":{"rendered":"<p>O programa Bolsa do Povo Educa\u00e7\u00e3o ir\u00e1 contratar 20 mil respons\u00e1veis de alunos da rede estadual de ensino para prestar apoio geral \u00e0s escolas, ser\u00e1 pago um benef\u00edcio no valor de R$ 500 mensais durante seis meses. Os selecionados ir\u00e3o atuar principalmente no acompanhamento de protocolos sanit\u00e1rios, garantindo o retorno presencial seguro para estudantes e funcion\u00e1rios.<\/p>\n<p>O cadastro pode ser feito at\u00e9 31 de julho pelo site <a href=\"https:\/\/www.bolsadopovo.sp.gov.br\/\">www.bolsadopovo.sp.gov.br<\/a>.<br \/>\nA medida faz parte de uma s\u00e9rie de an\u00fancios do Governo do Estado para o enfrentamento das condi\u00e7\u00f5es adversas geradas por conta da pandemia do coronav\u00edrus.<\/p>\n<p>O Bolsa do Povo Educa\u00e7\u00e3o tem como principal objetivo auxiliar as fam\u00edlias a superar os desafios educacionais e financeiros provocados pela pandemia e ampliar o envolvimento de toda a comunidade escolar, refor\u00e7ando v\u00ednculos entre alunos, professores e servidores da Educa\u00e7\u00e3o e gerando novos postos de ocupa\u00e7\u00e3o.<\/p>\n<p>Com a medida, o Governo de S\u00e3o Paulo vai proporcionar novas ocupa\u00e7\u00f5es, ampliar a qualifica\u00e7\u00e3o profissional, gerar renda para parte da popula\u00e7\u00e3o desempregada e aumentar as equipes escolares, mobilizando mais pessoas em prol da Educa\u00e7\u00e3o.<\/p>\n<p><img loading=\"lazy\" decoding=\"async\" class=\"aligncenter size-full wp-image-1554\" src=\"https:\/\/www.merionline.com.br\/noticias\/wp-content\/uploads\/2021\/07\/WhatsApp-Image-2021-07-29-at-11.16.31.jpeg\" alt=\"\" width=\"720\" height=\"700\" srcset=\"https:\/\/www.merionline.com.br\/noticias\/wp-content\/uploads\/2021\/07\/WhatsApp-Image-2021-07-29-at-11.16.31.jpeg 720w, https:\/\/www.merionline.com.br\/noticias\/wp-content\/uploads\/2021\/07\/WhatsApp-Image-2021-07-29-at-11.16.31-300x292.jpeg 300w\" sizes=\"(max-width: 720px) 100vw, 720px\" \/><\/p>\n<p><strong>Para participar \u00e9 necess\u00e1rio:<\/strong><\/p>\n<p>\u2022 Ser respons\u00e1vel legal por aluno da rede estadual (um respons\u00e1vel por fam\u00edlia);<br \/>\n\u2022 Estar desempregado h\u00e1 pelo menos tr\u00eas meses;<br \/>\n\u2022 Ter entre 18 e 59 anos;<br \/>\n\u2022 Morar pr\u00f3ximo \u00e0 unidade escolar (raio de dois quil\u00f4metros).<\/p>\n<p><strong>S\u00e3o crit\u00e9rios preferenciais:<\/strong><\/p>\n<p>\u2022 Estar cadastrado no Cad\u00danico;<br \/>\n\u2022 Ser m\u00e3e de aluno da rede estadual;<br \/>\n\u2022 Ter filho estudando na escola de interesse;<br \/>\n\u2022 Proximidade entre endere\u00e7o residencial e escola;<br \/>\n\u2022 Maior idade.<\/p>\n<p>Ap\u00f3s as inscri\u00e7\u00f5es, os candidatos ser\u00e3o entrevistados pelas pr\u00f3prias unidades de ensino. Depois da aprova\u00e7\u00e3o das escolas, as Diretorias de Ensino v\u00e3o fazer a valida\u00e7\u00e3o para efetivar contrata\u00e7\u00f5es a partir de 16 de agosto.<\/p>\n<p><strong>D\u00daVIDAS<\/strong><\/p>\n<p>Para mais informa\u00e7\u00f5es sobre o programa &#8220;Bolsa do Povo Educa\u00e7\u00e3o&#8221;, ligue para o CRAS de Meridiano: 17 99668-2949 ou para central de atendimento 0800-7979-800.<\/p>\n<figure id=\"attachment_914\" aria-describedby=\"caption-attachment-914\" style=\"width: 474px\" class=\"wp-caption aligncenter\"><img loading=\"lazy\" decoding=\"async\" class=\"size-full wp-image-914\" src=\"https:\/\/www.merionline.com.br\/noticias\/wp-content\/uploads\/2020\/03\/WhatsApp-Image-2020-03-17-at-18.39.59-3.jpeg\" alt=\"\" width=\"474\" height=\"381\" srcset=\"https:\/\/www.merionline.com.br\/noticias\/wp-content\/uploads\/2020\/03\/WhatsApp-Image-2020-03-17-at-18.39.59-3.jpeg 474w, https:\/\/www.merionline.com.br\/noticias\/wp-content\/uploads\/2020\/03\/WhatsApp-Image-2020-03-17-at-18.39.59-3-300x241.jpeg 300w\" sizes=\"(max-width: 474px) 100vw, 474px\" \/><figcaption id=\"caption-attachment-914\" class=\"wp-caption-text\">PUBLICIDADE &#8211; ANUNCIE AQUI<\/figcaption><\/figure>\n","protected":false},"excerpt":{"rendered":"<p>O programa Bolsa do Povo Educa\u00e7\u00e3o ir\u00e1 contratar 20 mil respons\u00e1veis de alunos da rede estadual de ensino para prestar apoio geral \u00e0s escolas, ser\u00e1 pago um benef\u00edcio no valor de R$ 500 mensais durante seis meses. Os selecionados ir\u00e3o atuar principalmente no acompanhamento de protocolos sanit\u00e1rios, garantindo o retorno presencial seguro para estudantes e [&hellip;]<\/p>\n","protected":false},"author":1,"featured_media":1555,"comment_status":"open","ping_status":"open","sticky":false,"template":"","format":"standard","meta":{"footnotes":""},"categories":[3,6],"tags":[],"_links":{"self":[{"href":"https:\/\/www.merionline.com.br\/noticias\/wp-json\/wp\/v2\/posts\/1553"}],"collection":[{"href":"https:\/\/www.merionline.com.br\/noticias\/wp-json\/wp\/v2\/posts"}],"about":[{"href":"https:\/\/www.merionline.com.br\/noticias\/wp-json\/wp\/v2\/types\/post"}],"author":[{"embeddable":true,"href":"https:\/\/www.merionline.com.br\/noticias\/wp-json\/wp\/v2\/users\/1"}],"replies":[{"embeddable":true,"href":"https:\/\/www.merionline.com.br\/noticias\/wp-json\/wp\/v2\/comments?post=1553"}],"version-history":[{"count":1,"href":"https:\/\/www.merionline.com.br\/noticias\/wp-json\/wp\/v2\/posts\/1553\/revisions"}],"predecessor-version":[{"id":1556,"href":"https:\/\/www.merionline.com.br\/noticias\/wp-json\/wp\/v2\/posts\/1553\/revisions\/1556"}],"wp:featuredmedia":[{"embeddable":true,"href":"https:\/\/www.merionline.com.br\/noticias\/wp-json\/wp\/v2\/media\/1555"}],"wp:attachment":[{"href":"https:\/\/www.merionline.com.br\/noticias\/wp-json\/wp\/v2\/media?parent=1553"}],"wp:term":[{"taxonomy":"category","embeddable":true,"href":"https:\/\/www.merionline.com.br\/noticias\/wp-json\/wp\/v2\/categories?post=1553"},{"taxonomy":"post_tag","embeddable":true,"href":"https:\/\/www.merionline.com.br\/noticias\/wp-json\/wp\/v2\/tags?post=1553"}],"curies":[{"name":"wp","href":"https:\/\/api.w.org\/{rel}","templated":true}]}}