{"id":1591,"date":"2022-11-18T12:39:50","date_gmt":"2022-11-18T15:39:50","guid":{"rendered":"http:\/\/www.merionline.com.br\/noticias\/?p=1591"},"modified":"2022-11-18T12:41:36","modified_gmt":"2022-11-18T15:41:36","slug":"presidente-da-camara-de-meridiano-uelton-garcia-emite-nota-de-esclarecimento-sobre-exoneracao-de-assessora-do-legislativo","status":"publish","type":"post","link":"https:\/\/www.merionline.com.br\/noticias\/presidente-da-camara-de-meridiano-uelton-garcia-emite-nota-de-esclarecimento-sobre-exoneracao-de-assessora-do-legislativo\/","title":{"rendered":"PRESIDENTE DA C\u00c2MARA DE MERIDIANO, UELTON GARCIA, EMITE NOTA DE ESCLARECIMENTO SOBRE EXONERA\u00c7\u00c3O DE ASSESSORA DO LEGISLATIVO"},"content":{"rendered":"<p>Hoje (18), por volta das 12:00hr, o presidente da C\u00e2mara de vereadores de Meridiano, emitiu uma nota de esclarecimento para justificar a exonera\u00e7\u00e3o da Assessora do Legislativo, Marcia Rideko Suzuki.<\/p>\n<p>Segundo Uelton Garcia, o mesmo est\u00e1 cumprindo uma ordem do promotor referente ao cargo que foi feita a exonera\u00e7\u00e3o. Acompanhe a nota abaixo.<\/p>\n<hr \/>\n<figure id=\"attachment_1592\" aria-describedby=\"caption-attachment-1592\" style=\"width: 569px\" class=\"wp-caption aligncenter\"><img loading=\"lazy\" decoding=\"async\" class=\"size-full wp-image-1592\" src=\"https:\/\/www.merionline.com.br\/noticias\/wp-content\/uploads\/2022\/11\/pag-01.fw_.png\" alt=\"\" width=\"569\" height=\"851\" srcset=\"https:\/\/www.merionline.com.br\/noticias\/wp-content\/uploads\/2022\/11\/pag-01.fw_.png 569w, https:\/\/www.merionline.com.br\/noticias\/wp-content\/uploads\/2022\/11\/pag-01.fw_-201x300.png 201w\" sizes=\"(max-width: 569px) 100vw, 569px\" \/><figcaption id=\"caption-attachment-1592\" class=\"wp-caption-text\">P\u00e1gina 01<\/figcaption><\/figure>\n<figure id=\"attachment_1593\" aria-describedby=\"caption-attachment-1593\" style=\"width: 584px\" class=\"wp-caption aligncenter\"><img loading=\"lazy\" decoding=\"async\" class=\"size-full wp-image-1593\" src=\"https:\/\/www.merionline.com.br\/noticias\/wp-content\/uploads\/2022\/11\/pag-02.fw_.png\" alt=\"\" width=\"584\" height=\"887\" srcset=\"https:\/\/www.merionline.com.br\/noticias\/wp-content\/uploads\/2022\/11\/pag-02.fw_.png 584w, https:\/\/www.merionline.com.br\/noticias\/wp-content\/uploads\/2022\/11\/pag-02.fw_-198x300.png 198w\" sizes=\"(max-width: 584px) 100vw, 584px\" \/><figcaption id=\"caption-attachment-1593\" class=\"wp-caption-text\">P\u00e1gina 02<\/figcaption><\/figure>\n<figure id=\"attachment_1594\" aria-describedby=\"caption-attachment-1594\" style=\"width: 579px\" class=\"wp-caption aligncenter\"><img loading=\"lazy\" decoding=\"async\" class=\"size-full wp-image-1594\" src=\"https:\/\/www.merionline.com.br\/noticias\/wp-content\/uploads\/2022\/11\/pag-03.fw_.png\" alt=\"\" width=\"579\" height=\"864\" srcset=\"https:\/\/www.merionline.com.br\/noticias\/wp-content\/uploads\/2022\/11\/pag-03.fw_.png 579w, https:\/\/www.merionline.com.br\/noticias\/wp-content\/uploads\/2022\/11\/pag-03.fw_-201x300.png 201w\" sizes=\"(max-width: 579px) 100vw, 579px\" \/><figcaption id=\"caption-attachment-1594\" class=\"wp-caption-text\">P\u00e1gina 03<\/figcaption><\/figure>\n<figure id=\"attachment_1595\" aria-describedby=\"caption-attachment-1595\" style=\"width: 579px\" class=\"wp-caption aligncenter\"><img loading=\"lazy\" decoding=\"async\" class=\"size-full wp-image-1595\" src=\"https:\/\/www.merionline.com.br\/noticias\/wp-content\/uploads\/2022\/11\/pag-04.fw_.png\" alt=\"\" width=\"579\" height=\"862\" srcset=\"https:\/\/www.merionline.com.br\/noticias\/wp-content\/uploads\/2022\/11\/pag-04.fw_.png 579w, https:\/\/www.merionline.com.br\/noticias\/wp-content\/uploads\/2022\/11\/pag-04.fw_-202x300.png 202w\" sizes=\"(max-width: 579px) 100vw, 579px\" \/><figcaption id=\"caption-attachment-1595\" class=\"wp-caption-text\">P\u00e1gina 01<\/figcaption><\/figure>\n<p>&nbsp;<\/p>\n","protected":false},"excerpt":{"rendered":"<p>Hoje (18), por volta das 12:00hr, o presidente da C\u00e2mara de vereadores de Meridiano, emitiu uma nota de esclarecimento para justificar a exonera\u00e7\u00e3o da Assessora do Legislativo, Marcia Rideko Suzuki. Segundo Uelton Garcia, o mesmo est\u00e1 cumprindo uma ordem do promotor referente ao cargo que foi feita a exonera\u00e7\u00e3o. Acompanhe a nota abaixo. &nbsp;<\/p>\n","protected":false},"author":1,"featured_media":1357,"comment_status":"closed","ping_status":"closed","sticky":false,"template":"","format":"standard","meta":{"footnotes":""},"categories":[3,6],"tags":[],"_links":{"self":[{"href":"https:\/\/www.merionline.com.br\/noticias\/wp-json\/wp\/v2\/posts\/1591"}],"collection":[{"href":"https:\/\/www.merionline.com.br\/noticias\/wp-json\/wp\/v2\/posts"}],"about":[{"href":"https:\/\/www.merionline.com.br\/noticias\/wp-json\/wp\/v2\/types\/post"}],"author":[{"embeddable":true,"href":"https:\/\/www.merionline.com.br\/noticias\/wp-json\/wp\/v2\/users\/1"}],"replies":[{"embeddable":true,"href":"https:\/\/www.merionline.com.br\/noticias\/wp-json\/wp\/v2\/comments?post=1591"}],"version-history":[{"count":1,"href":"https:\/\/www.merionline.com.br\/noticias\/wp-json\/wp\/v2\/posts\/1591\/revisions"}],"predecessor-version":[{"id":1596,"href":"https:\/\/www.merionline.com.br\/noticias\/wp-json\/wp\/v2\/posts\/1591\/revisions\/1596"}],"wp:featuredmedia":[{"embeddable":true,"href":"https:\/\/www.merionline.com.br\/noticias\/wp-json\/wp\/v2\/media\/1357"}],"wp:attachment":[{"href":"https:\/\/www.merionline.com.br\/noticias\/wp-json\/wp\/v2\/media?parent=1591"}],"wp:term":[{"taxonomy":"category","embeddable":true,"href":"https:\/\/www.merionline.com.br\/noticias\/wp-json\/wp\/v2\/categories?post=1591"},{"taxonomy":"post_tag","embeddable":true,"href":"https:\/\/www.merionline.com.br\/noticias\/wp-json\/wp\/v2\/tags?post=1591"}],"curies":[{"name":"wp","href":"https:\/\/api.w.org\/{rel}","templated":true}]}}