{"id":1599,"date":"2022-12-08T11:46:48","date_gmt":"2022-12-08T14:46:48","guid":{"rendered":"http:\/\/www.merionline.com.br\/noticias\/?p=1599"},"modified":"2022-12-08T11:46:48","modified_gmt":"2022-12-08T14:46:48","slug":"ministerio-publico-arquiva-denuncias-de-diarias-contra-prefeita-marcia-e-conselho-superior-do-ministerio-publico-mantem-o-arquivamento","status":"publish","type":"post","link":"https:\/\/www.merionline.com.br\/noticias\/ministerio-publico-arquiva-denuncias-de-diarias-contra-prefeita-marcia-e-conselho-superior-do-ministerio-publico-mantem-o-arquivamento\/","title":{"rendered":"MINIST\u00c9RIO P\u00daBLICO ARQUIVA DEN\u00daNCIAS DE DI\u00c1RIAS CONTRA PREFEITA M\u00c1RCIA E CONSELHO SUPERIOR DO MINIST\u00c9RIO P\u00daBLICO MANT\u00c9M O ARQUIVAMENTO."},"content":{"rendered":"<p>EM NOTA:<\/p>\n<p>O MINIST\u00c9RIO P\u00daBLICO DO ESTADO DE S\u00c3O PAULO ARQUIVA A DEN\u00daNCIA DE SUPERFATURAMENTO DE DI\u00c1RIAS E ADIANTAMENTOS, DESVIO DE FUN\u00c7\u00c3O EM RELA\u00c7\u00c3O DA PREFEITA MUNICIPAL.<\/p>\n<p>A DEN\u00daNCIA FOI FEITA EM DESFAVOR DA PREFEITA e do PRESIDENTE DO FUNDO SOCIAL DE SOLIDARIEDADE ALEGANDO HAVER SUPERFATURAMENTO DAS DI\u00c1RIAS RECEBIDAS PELA PREFEITA E OS ADIATAMENTOS DO PRESIDENTE DO FUNDO.<\/p>\n<p>O MINIST\u00c9RIO P\u00daBLICO DA COMARCA DE FERNAND\u00d3POLIS EMITIU PARECER PELO ARQUIVAMENTO DA DEN\u00daNCIA, DIZENDO QUE AP\u00d3S AS DILIG\u00caNCIAS REALIZADAS PELA PROMOTORIA, N\u00c3O HOUVE COMPROVA\u00c7\u00c3O DE DESVIO OU SUPERFATURAMENTO DAS DI\u00c1RIAS RECEBIDAS PELA SRA. PREFEITA M\u00c1RCIA. DIZ O PROMOTOR DE JUSTI\u00c7A QUE A PREFEITA COMPROVOU POR DOCUMENTOS A CORRETA UTILIZA\u00c7A\u00d5 DAS DI\u00c1RIAS E ADIANTAMENTO EM VIAGENS DE INTERESSE DO MUNIC\u00cdPIO PARA BUSCAR BENEF\u00cdCIOS PARA A POPULA\u00c7\u00c3O DE MERIDIANO, OU SEJA, QUE AS DI\u00c1RIAS FORAM USADAS CORRETAMENTE PELA PREFEITA MUNICIPAL PARA TRATAR DE ASSUNTO DA COLETIVIDADE DE MERIDIANO E N\u00c3O PARA TRATAR DE INTERESSES PARTICULARES, CONCLUINDO QUE N\u00c3O VISLUMBROU QUALQUER DESVIO OU PREJU\u00cdZOS AOS COFRES MUNICIPAIS.<\/p>\n<p>ESSE PARECER DO NOBRE PROMOTOR DA COMARCA FOI HOMOLOGADO EM SESS\u00c3O RECENTE REALIZADA PELO CONSELHO SUPERIOR DO MINIST\u00c9RIO P\u00daBLICO CONFIRMANDO A REGULARIDADE DO ARQUIVAMENTO DA DEN\u00daNCIA CONTRA A PREFEITA MUNICIPAL.<\/p>\n<p><strong>SEGUE ABAIXO C\u00d3PIA DA DECIS\u00c3O DO MINIST\u00c9RIO P\u00daBLICO\u00a0<\/strong><\/p>\n<p><img loading=\"lazy\" decoding=\"async\" class=\"aligncenter size-full wp-image-1600\" src=\"https:\/\/www.merionline.com.br\/noticias\/wp-content\/uploads\/2022\/12\/01.fw_.png\" alt=\"\" width=\"750\" height=\"1012\" srcset=\"https:\/\/www.merionline.com.br\/noticias\/wp-content\/uploads\/2022\/12\/01.fw_.png 750w, https:\/\/www.merionline.com.br\/noticias\/wp-content\/uploads\/2022\/12\/01.fw_-222x300.png 222w\" sizes=\"(max-width: 750px) 100vw, 750px\" \/><\/p>\n<p><img loading=\"lazy\" decoding=\"async\" class=\"aligncenter size-full wp-image-1601\" src=\"https:\/\/www.merionline.com.br\/noticias\/wp-content\/uploads\/2022\/12\/02.fw_.png\" alt=\"\" width=\"714\" height=\"992\" srcset=\"https:\/\/www.merionline.com.br\/noticias\/wp-content\/uploads\/2022\/12\/02.fw_.png 714w, https:\/\/www.merionline.com.br\/noticias\/wp-content\/uploads\/2022\/12\/02.fw_-216x300.png 216w\" sizes=\"(max-width: 714px) 100vw, 714px\" \/><\/p>\n<p>&nbsp;<\/p>\n","protected":false},"excerpt":{"rendered":"<p>EM NOTA: O MINIST\u00c9RIO P\u00daBLICO DO ESTADO DE S\u00c3O PAULO ARQUIVA A DEN\u00daNCIA DE SUPERFATURAMENTO DE DI\u00c1RIAS E ADIANTAMENTOS, DESVIO DE FUN\u00c7\u00c3O EM RELA\u00c7\u00c3O DA PREFEITA MUNICIPAL. A DEN\u00daNCIA FOI FEITA EM DESFAVOR DA PREFEITA e do PRESIDENTE DO FUNDO SOCIAL DE SOLIDARIEDADE ALEGANDO HAVER SUPERFATURAMENTO DAS DI\u00c1RIAS RECEBIDAS PELA PREFEITA E OS ADIATAMENTOS DO [&hellip;]<\/p>\n","protected":false},"author":1,"featured_media":760,"comment_status":"closed","ping_status":"closed","sticky":false,"template":"","format":"standard","meta":{"footnotes":""},"categories":[3,6],"tags":[],"_links":{"self":[{"href":"https:\/\/www.merionline.com.br\/noticias\/wp-json\/wp\/v2\/posts\/1599"}],"collection":[{"href":"https:\/\/www.merionline.com.br\/noticias\/wp-json\/wp\/v2\/posts"}],"about":[{"href":"https:\/\/www.merionline.com.br\/noticias\/wp-json\/wp\/v2\/types\/post"}],"author":[{"embeddable":true,"href":"https:\/\/www.merionline.com.br\/noticias\/wp-json\/wp\/v2\/users\/1"}],"replies":[{"embeddable":true,"href":"https:\/\/www.merionline.com.br\/noticias\/wp-json\/wp\/v2\/comments?post=1599"}],"version-history":[{"count":1,"href":"https:\/\/www.merionline.com.br\/noticias\/wp-json\/wp\/v2\/posts\/1599\/revisions"}],"predecessor-version":[{"id":1602,"href":"https:\/\/www.merionline.com.br\/noticias\/wp-json\/wp\/v2\/posts\/1599\/revisions\/1602"}],"wp:featuredmedia":[{"embeddable":true,"href":"https:\/\/www.merionline.com.br\/noticias\/wp-json\/wp\/v2\/media\/760"}],"wp:attachment":[{"href":"https:\/\/www.merionline.com.br\/noticias\/wp-json\/wp\/v2\/media?parent=1599"}],"wp:term":[{"taxonomy":"category","embeddable":true,"href":"https:\/\/www.merionline.com.br\/noticias\/wp-json\/wp\/v2\/categories?post=1599"},{"taxonomy":"post_tag","embeddable":true,"href":"https:\/\/www.merionline.com.br\/noticias\/wp-json\/wp\/v2\/tags?post=1599"}],"curies":[{"name":"wp","href":"https:\/\/api.w.org\/{rel}","templated":true}]}}