{"id":1656,"date":"2024-07-05T08:53:46","date_gmt":"2024-07-05T11:53:46","guid":{"rendered":"https:\/\/www.merionline.com.br\/noticias\/?p=1656"},"modified":"2024-07-05T10:51:44","modified_gmt":"2024-07-05T13:51:44","slug":"depois-de-2-anos-centro-de-castracao-e-inaugurado","status":"publish","type":"post","link":"https:\/\/www.merionline.com.br\/noticias\/depois-de-2-anos-centro-de-castracao-e-inaugurado\/","title":{"rendered":"DEPOIS DE 2 ANOS CENTRO DE CASTRA\u00c7\u00c3O \u00c9 INAUGURADO"},"content":{"rendered":"<div class=\"xdj266r x11i5rnm xat24cr x1mh8g0r x1vvkbs x126k92a\">\n<div dir=\"auto\">\n<p>Ontem, (04\/07\/24) foi inaugurado o centro de castra\u00e7\u00e3o em Meridiano pr\u00f3ximo ao almoxarifado!<\/p>\n<p><span style=\"text-transform: initial;\">A vereadora Juliana Lima junto com a ONG (Espame) realizaram um sonho que j\u00e1 durava anos.<\/span><\/p>\n<p>&nbsp;<\/p>\n<\/div>\n<\/div>\n<p>Um pedido da vereadora Juliana Lima em 2021 ao Dep. Kim Kataguiri foi atendido j\u00e1 em 2022 com uma emenda de R$ 250.000,00 (Duzentos e cinquenta mil reais) para equipar o centro de castra\u00e7\u00e3o que j\u00e1 existia, por\u00e9m n\u00e3o havia como funcionar, pois precisava\u00a0 de equipamentos necess\u00e1rios.<\/p>\n<p>O dinheiro estava na conta desde julho\/2022, e depois de muita luta e persist\u00eancia, tanto da vereadora, quanto de integrantes da ONG SPAME, agora, em julho\/2024, passado dois anos, esse sonho se torna uma realidade<\/p>\n<blockquote><p>QUAL A IMPORT\u00c2NCIA DISSO?<\/p>\n<p>Quem nunca se deparou com pedidos de ajuda para o resgate de filhotes pode n\u00e3o ter a no\u00e7\u00e3o de qu\u00e3o grave \u00e9 o abandono de c\u00e3es.<\/p>\n<p>Felizmente alguns desses animais conseguem ser resgatados, tratados e destinados para ado\u00e7\u00e3o respons\u00e1vel, entretanto, ainda enfrentamos a triste realidade\u00a0<b>de 20 milh\u00f5es de c\u00e3es abandonados no Brasil<\/b>.<\/p>\n<p>Esse n\u00famero representa um risco para a sa\u00fade humana e dos animais, podendo agravar\u00a0<b>doen\u00e7as zoon\u00f3ticas<\/b>\u00a0(doen\u00e7as transmitidas de um animal para os seres humanos), como a raiva.<\/p>\n<p>Atualmente, a\u00a0<b>castra\u00e7\u00e3o<\/b>\u00a0(um procedimento ben\u00e9fico para a sa\u00fade dos c\u00e3es e que impede a sua reprodu\u00e7\u00e3o) \u00e9 a pr\u00e1tica recomendada para o controle populacional e das zoonoses.<\/p>\n<p>Al\u00e9m disso, castrar possui uma s\u00e9rie de\u00a0<b>benef\u00edcios para a sa\u00fade<\/b>\u00a0dos c\u00e3es, como a redu\u00e7\u00e3o de problemas de agressividade nos machos e a\u00a0<b>preven\u00e7\u00e3o do c\u00e2ncer<\/b>\u00a0de mama nas f\u00eameas.<\/p><\/blockquote>\n<div class=\"x11i5rnm xat24cr x1mh8g0r x1vvkbs xtlvy1s x126k92a\">\n<div dir=\"auto\">O centro conta com v\u00e1rias salas e todas com os devidos equipamentos para funcionar, a prefeitura informou que est\u00e1 sendo montado um plano de trabalho para a realiza\u00e7\u00e3o das castra\u00e7\u00f5es que ser\u00e1 divulgado em breve.<\/div>\n<div dir=\"auto\"><img loading=\"lazy\" decoding=\"async\" class=\"aligncenter size-large wp-image-1678\" src=\"https:\/\/www.merionline.com.br\/noticias\/wp-content\/uploads\/2024\/07\/fotocastracao-1024x576.jpg\" alt=\"\" width=\"1024\" height=\"576\" srcset=\"https:\/\/www.merionline.com.br\/noticias\/wp-content\/uploads\/2024\/07\/fotocastracao-1024x576.jpg 1024w, https:\/\/www.merionline.com.br\/noticias\/wp-content\/uploads\/2024\/07\/fotocastracao-300x169.jpg 300w, https:\/\/www.merionline.com.br\/noticias\/wp-content\/uploads\/2024\/07\/fotocastracao-768x432.jpg 768w, https:\/\/www.merionline.com.br\/noticias\/wp-content\/uploads\/2024\/07\/fotocastracao-1536x864.jpg 1536w, https:\/\/www.merionline.com.br\/noticias\/wp-content\/uploads\/2024\/07\/fotocastracao.jpg 1600w\" sizes=\"(max-width: 1024px) 100vw, 1024px\" \/><\/div>\n<div dir=\"auto\"><\/div>\n<div dir=\"auto\"><img loading=\"lazy\" decoding=\"async\" class=\"aligncenter size-large wp-image-1658\" src=\"https:\/\/www.merionline.com.br\/noticias\/wp-content\/uploads\/2024\/07\/WhatsApp-Image-2024-07-05-at-08.08.09-1-1024x942.jpeg\" alt=\"\" width=\"1024\" height=\"942\" srcset=\"https:\/\/www.merionline.com.br\/noticias\/wp-content\/uploads\/2024\/07\/WhatsApp-Image-2024-07-05-at-08.08.09-1-1024x942.jpeg 1024w, https:\/\/www.merionline.com.br\/noticias\/wp-content\/uploads\/2024\/07\/WhatsApp-Image-2024-07-05-at-08.08.09-1-300x276.jpeg 300w, https:\/\/www.merionline.com.br\/noticias\/wp-content\/uploads\/2024\/07\/WhatsApp-Image-2024-07-05-at-08.08.09-1-768x706.jpeg 768w, https:\/\/www.merionline.com.br\/noticias\/wp-content\/uploads\/2024\/07\/WhatsApp-Image-2024-07-05-at-08.08.09-1.jpeg 1080w\" sizes=\"(max-width: 1024px) 100vw, 1024px\" \/> <img loading=\"lazy\" decoding=\"async\" class=\"aligncenter size-large wp-image-1659\" src=\"https:\/\/www.merionline.com.br\/noticias\/wp-content\/uploads\/2024\/07\/WhatsApp-Image-2024-07-05-at-08.08.09-2-1024x700.jpeg\" alt=\"\" width=\"1024\" height=\"700\" srcset=\"https:\/\/www.merionline.com.br\/noticias\/wp-content\/uploads\/2024\/07\/WhatsApp-Image-2024-07-05-at-08.08.09-2-1024x700.jpeg 1024w, https:\/\/www.merionline.com.br\/noticias\/wp-content\/uploads\/2024\/07\/WhatsApp-Image-2024-07-05-at-08.08.09-2-300x205.jpeg 300w, https:\/\/www.merionline.com.br\/noticias\/wp-content\/uploads\/2024\/07\/WhatsApp-Image-2024-07-05-at-08.08.09-2-768x525.jpeg 768w, https:\/\/www.merionline.com.br\/noticias\/wp-content\/uploads\/2024\/07\/WhatsApp-Image-2024-07-05-at-08.08.09-2-220x150.jpeg 220w, https:\/\/www.merionline.com.br\/noticias\/wp-content\/uploads\/2024\/07\/WhatsApp-Image-2024-07-05-at-08.08.09-2.jpeg 1080w\" sizes=\"(max-width: 1024px) 100vw, 1024px\" \/><\/div>\n<div dir=\"auto\">Estiveram presentes no evento os vereadores Rafael, Ditinho, Rui dias, Juliana Lima, Lucio Binati, o presidente da C\u00e2mara Edivan Tonelote, Prefeito F\u00e1bio Paschoalinoto, primeira dama Mara raia e representantes da ONG espame de Meridiano.<\/div>\n<\/div>\n","protected":false},"excerpt":{"rendered":"<p>Ontem, (04\/07\/24) foi inaugurado o centro de castra\u00e7\u00e3o em Meridiano pr\u00f3ximo ao almoxarifado! A vereadora Juliana Lima junto com a ONG (Espame) realizaram um sonho que j\u00e1 durava anos. &nbsp; Um pedido da vereadora Juliana Lima em 2021 ao Dep. Kim Kataguiri foi atendido j\u00e1 em 2022 com uma emenda de R$ 250.000,00 (Duzentos e [&hellip;]<\/p>\n","protected":false},"author":1,"featured_media":1678,"comment_status":"open","ping_status":"closed","sticky":false,"template":"","format":"standard","meta":{"footnotes":""},"categories":[3,6],"tags":[],"_links":{"self":[{"href":"https:\/\/www.merionline.com.br\/noticias\/wp-json\/wp\/v2\/posts\/1656"}],"collection":[{"href":"https:\/\/www.merionline.com.br\/noticias\/wp-json\/wp\/v2\/posts"}],"about":[{"href":"https:\/\/www.merionline.com.br\/noticias\/wp-json\/wp\/v2\/types\/post"}],"author":[{"embeddable":true,"href":"https:\/\/www.merionline.com.br\/noticias\/wp-json\/wp\/v2\/users\/1"}],"replies":[{"embeddable":true,"href":"https:\/\/www.merionline.com.br\/noticias\/wp-json\/wp\/v2\/comments?post=1656"}],"version-history":[{"count":15,"href":"https:\/\/www.merionline.com.br\/noticias\/wp-json\/wp\/v2\/posts\/1656\/revisions"}],"predecessor-version":[{"id":1679,"href":"https:\/\/www.merionline.com.br\/noticias\/wp-json\/wp\/v2\/posts\/1656\/revisions\/1679"}],"wp:featuredmedia":[{"embeddable":true,"href":"https:\/\/www.merionline.com.br\/noticias\/wp-json\/wp\/v2\/media\/1678"}],"wp:attachment":[{"href":"https:\/\/www.merionline.com.br\/noticias\/wp-json\/wp\/v2\/media?parent=1656"}],"wp:term":[{"taxonomy":"category","embeddable":true,"href":"https:\/\/www.merionline.com.br\/noticias\/wp-json\/wp\/v2\/categories?post=1656"},{"taxonomy":"post_tag","embeddable":true,"href":"https:\/\/www.merionline.com.br\/noticias\/wp-json\/wp\/v2\/tags?post=1656"}],"curies":[{"name":"wp","href":"https:\/\/api.w.org\/{rel}","templated":true}]}}