{"id":1682,"date":"2024-07-20T19:03:02","date_gmt":"2024-07-20T22:03:02","guid":{"rendered":"https:\/\/www.merionline.com.br\/noticias\/?p=1682"},"modified":"2024-07-20T19:10:24","modified_gmt":"2024-07-20T22:10:24","slug":"ta-chegando-a-hora-de-definir-os-candidatos-prazo-esta-aberto-para-as-convencoes","status":"publish","type":"post","link":"https:\/\/www.merionline.com.br\/noticias\/ta-chegando-a-hora-de-definir-os-candidatos-prazo-esta-aberto-para-as-convencoes\/","title":{"rendered":"T\u00c1 CHEGANDO A HORA DE DEFINIR OS CANDIDATOS, PRAZO EST\u00c1 ABERTO PARA AS CONVEN\u00c7\u00d5ES"},"content":{"rendered":"<p>Dia 20 (Hoje), todos os partidos pol\u00edticos e federa\u00e7\u00f5es partid\u00e1rias j\u00e1 podem realizar as conven\u00e7\u00f5es.<\/p>\n<p>A partir de agora os partidos pol\u00edticos j\u00e1 podem dar inicio e escolher os candidatos para a elei\u00e7\u00e3o que vai ocorrer dia 06 de outubro.<\/p>\n<p><strong>O QUE \u00c9 UMA CONVEN\u00c7\u00c3O<\/strong><\/p>\n<p>\u00c9 uma data que faz parte do calend\u00e1rio eleitoral onde s\u00e3o feitas reuni\u00f5es dos filiados com assuntos de interesse do grupo que pode acontecer at\u00e9 05 de agosto.<\/p>\n<p>Em Meridiano apenas 2 pr\u00e9-candidatos j\u00e1 marcaram sua conven\u00e7\u00e3o. Segundo os bastidores que nossa equipe conversou, tem uma possibilidade de sair 3 candidatos a prefeito, s\u00e3o eles:<\/p>\n<ul>\n<li>Juliana Lima do NOVO (30)<\/li>\n<li>Fabio Pascholinoto PSD (55)<\/li>\n<li>Agnaldo (Lindo) Uni\u00e3o Brasil (44)<\/li>\n<li>F\u00e1bio Torrente do Republicanos (10)<\/li>\n<\/ul>\n<p>Este s\u00e3o os &#8220;poss\u00edveis&#8221; candidatos a prefeito de Meridiano, mas segundo os bastidores teremos apenas 2, enquanto as conven\u00e7\u00f5es n\u00e3o acontecem tudo pode acontecer.<\/p>\n<p><strong>MIST\u00c9RIO<\/strong><\/p>\n<p>At\u00e9 agora nenhum dos pr\u00e9-candidatos confirmou seus vices, \u00e9 a fase mais delicada para os candidatos, visto que, o vice pode gerar insatisfa\u00e7\u00e3o para os filiados alterando a rota de escolha.<\/p>\n<p>A conven\u00e7\u00e3o poder\u00e1 ser feita virtual, h\u00edbrida ou presencial. Depois de definidas as candidaturas, as legendas t\u00eam at\u00e9 15 de agosto para solicitar \u00e0 Justi\u00e7a Eleitoral o registro dos nomes.<\/p>\n<p>Os candidatos depois de escolhidos, s\u00f3 poder\u00e3o pedir votos a partir do dia 16 de agosto.<\/p>\n<p><img loading=\"lazy\" decoding=\"async\" class=\"aligncenter size-large wp-image-1683\" src=\"https:\/\/www.merionline.com.br\/noticias\/wp-content\/uploads\/2024\/07\/WhatsApp-Image-2024-07-20-at-19.00.34-1024x768.jpeg\" alt=\"\" width=\"1024\" height=\"768\" srcset=\"https:\/\/www.merionline.com.br\/noticias\/wp-content\/uploads\/2024\/07\/WhatsApp-Image-2024-07-20-at-19.00.34-1024x768.jpeg 1024w, https:\/\/www.merionline.com.br\/noticias\/wp-content\/uploads\/2024\/07\/WhatsApp-Image-2024-07-20-at-19.00.34-300x225.jpeg 300w, https:\/\/www.merionline.com.br\/noticias\/wp-content\/uploads\/2024\/07\/WhatsApp-Image-2024-07-20-at-19.00.34-768x576.jpeg 768w, https:\/\/www.merionline.com.br\/noticias\/wp-content\/uploads\/2024\/07\/WhatsApp-Image-2024-07-20-at-19.00.34-1536x1152.jpeg 1536w, https:\/\/www.merionline.com.br\/noticias\/wp-content\/uploads\/2024\/07\/WhatsApp-Image-2024-07-20-at-19.00.34-86x64.jpeg 86w, https:\/\/www.merionline.com.br\/noticias\/wp-content\/uploads\/2024\/07\/WhatsApp-Image-2024-07-20-at-19.00.34.jpeg 1600w\" sizes=\"(max-width: 1024px) 100vw, 1024px\" \/><\/p>\n","protected":false},"excerpt":{"rendered":"<p>Dia 20 (Hoje), todos os partidos pol\u00edticos e federa\u00e7\u00f5es partid\u00e1rias j\u00e1 podem realizar as conven\u00e7\u00f5es. A partir de agora os partidos pol\u00edticos j\u00e1 podem dar inicio e escolher os candidatos para a elei\u00e7\u00e3o que vai ocorrer dia 06 de outubro. O QUE \u00c9 UMA CONVEN\u00c7\u00c3O \u00c9 uma data que faz parte do calend\u00e1rio eleitoral onde [&hellip;]<\/p>\n","protected":false},"author":1,"featured_media":1685,"comment_status":"closed","ping_status":"closed","sticky":false,"template":"","format":"standard","meta":{"footnotes":""},"categories":[3,6],"tags":[],"_links":{"self":[{"href":"https:\/\/www.merionline.com.br\/noticias\/wp-json\/wp\/v2\/posts\/1682"}],"collection":[{"href":"https:\/\/www.merionline.com.br\/noticias\/wp-json\/wp\/v2\/posts"}],"about":[{"href":"https:\/\/www.merionline.com.br\/noticias\/wp-json\/wp\/v2\/types\/post"}],"author":[{"embeddable":true,"href":"https:\/\/www.merionline.com.br\/noticias\/wp-json\/wp\/v2\/users\/1"}],"replies":[{"embeddable":true,"href":"https:\/\/www.merionline.com.br\/noticias\/wp-json\/wp\/v2\/comments?post=1682"}],"version-history":[{"count":2,"href":"https:\/\/www.merionline.com.br\/noticias\/wp-json\/wp\/v2\/posts\/1682\/revisions"}],"predecessor-version":[{"id":1686,"href":"https:\/\/www.merionline.com.br\/noticias\/wp-json\/wp\/v2\/posts\/1682\/revisions\/1686"}],"wp:featuredmedia":[{"embeddable":true,"href":"https:\/\/www.merionline.com.br\/noticias\/wp-json\/wp\/v2\/media\/1685"}],"wp:attachment":[{"href":"https:\/\/www.merionline.com.br\/noticias\/wp-json\/wp\/v2\/media?parent=1682"}],"wp:term":[{"taxonomy":"category","embeddable":true,"href":"https:\/\/www.merionline.com.br\/noticias\/wp-json\/wp\/v2\/categories?post=1682"},{"taxonomy":"post_tag","embeddable":true,"href":"https:\/\/www.merionline.com.br\/noticias\/wp-json\/wp\/v2\/tags?post=1682"}],"curies":[{"name":"wp","href":"https:\/\/api.w.org\/{rel}","templated":true}]}}