{"id":1698,"date":"2024-08-08T10:13:55","date_gmt":"2024-08-08T13:13:55","guid":{"rendered":"https:\/\/www.merionline.com.br\/noticias\/?p=1698"},"modified":"2024-08-08T10:49:31","modified_gmt":"2024-08-08T13:49:31","slug":"prefeitura-realiza-adequacoes-em-escolas-municipais-e-rodoviaria-para-obtencao-do-avcb","status":"publish","type":"post","link":"https:\/\/www.merionline.com.br\/noticias\/prefeitura-realiza-adequacoes-em-escolas-municipais-e-rodoviaria-para-obtencao-do-avcb\/","title":{"rendered":"Prefeitura realiza adequa\u00e7\u00f5es em escolas municipais e rodovi\u00e1ria para obten\u00e7\u00e3o do AVCB"},"content":{"rendered":"<p>H\u00e1 alguns anos vem sendo apontada a regulariza\u00e7\u00e3o de algumas licen\u00e7as\u00a0 AVCB (Auto de vistoria do corpo de bombeiros) em pr\u00e9dios p\u00fablicos do munic\u00edpio de Meridiano.<\/p>\n<p>Nossa equipe entrou em contato com a prefeitura para coletar mais informa\u00e7\u00f5es sobre estas adequa\u00e7\u00f5es, entre os pr\u00e9dios p\u00fablicos est\u00e3o:<\/p>\n<p>EMEIF Aneice Garcia,<br \/>\nEMEI Dolores Maria Torrente<br \/>\nEMEF Professora Paula Zagrando<\/p>\n<p>Inclusive a amplia\u00e7\u00e3o da rodovi\u00e1ria tamb\u00e9m precisa desta adequa\u00e7\u00e3o (AVCB) e ser\u00e1 regularizada.<\/p>\n<p><strong>ENTENDA<\/strong><\/p>\n<p>AVCB (Auto de vistoria do corpo de bombeiros) \u00e9 a licen\u00e7a fornecida pelo corpo de bombeiros\u00a0 que garante a seguran\u00e7a e uso do local. Temos vistos que alguns eventos n\u00e3o podem ser feitos por n\u00e3o ter este documento.<\/p>\n<p><strong>PREFEITURA<\/strong><\/p>\n<p>Procuramos o chefe do executivo, prefeito <strong>F\u00e1bio<\/strong>, para mais informa\u00e7\u00f5es de como ser\u00e1 feita estas adequa\u00e7\u00f5es, inclusive de como ser\u00e1 &#8220;paga&#8221; estas licen\u00e7as;<\/p>\n<p>O prefeito <strong>Fabio Paschoalinoto<\/strong> afirmou seu compromisso com a seguran\u00e7a\u00a0 e principalmente com a lei. \u201cReafirmamos nosso compromissos em agir em conformidade com a lei e, claro, com a seguran\u00e7a dos mun\u00edcipes.\u201d<\/p>\n<p>O recurso de quase R$ 300 mil para essas adequa\u00e7\u00f5es s\u00e3o provenientes da verba conquistada pela vereadora Juliana Lima junto ao dep. federal Kim Kataguiri, inicialmente destinada \u00e0 ilumina\u00e7\u00e3o p\u00fablica. O valor total da emenda foi de R$ 1 milh\u00e3o. A licita\u00e7\u00e3o, entretanto, teve \u00eaxito com valor de R$ 400 mil, o que gerou a sobra que possibilitou o investimento nas escolas.<\/p>\n<p>O projeto de adequa\u00e7\u00e3o AVCB inclui:<br \/>\n* Alarme de inc\u00eandio<br \/>\n* Ilumina\u00e7\u00e3o de emerg\u00eancia<br \/>\n* Sinaliza\u00e7\u00e3o de emerg\u00eancia<br \/>\n* Rede de hidrante<br \/>\n* Extintores<br \/>\n* Treinamento<\/p>\n<p><img loading=\"lazy\" decoding=\"async\" class=\"aligncenter size-large wp-image-1699\" src=\"https:\/\/www.merionline.com.br\/noticias\/wp-content\/uploads\/2024\/08\/avcb-1024x579.png\" alt=\"\" width=\"1024\" height=\"579\" srcset=\"https:\/\/www.merionline.com.br\/noticias\/wp-content\/uploads\/2024\/08\/avcb-1024x579.png 1024w, https:\/\/www.merionline.com.br\/noticias\/wp-content\/uploads\/2024\/08\/avcb-300x170.png 300w, https:\/\/www.merionline.com.br\/noticias\/wp-content\/uploads\/2024\/08\/avcb-768x434.png 768w, https:\/\/www.merionline.com.br\/noticias\/wp-content\/uploads\/2024\/08\/avcb.png 1166w\" sizes=\"(max-width: 1024px) 100vw, 1024px\" \/><\/p>\n<p>Por: Paulo Rog\u00e9rio<\/p>\n","protected":false},"excerpt":{"rendered":"<p>H\u00e1 alguns anos vem sendo apontada a regulariza\u00e7\u00e3o de algumas licen\u00e7as\u00a0 AVCB (Auto de vistoria do corpo de bombeiros) em pr\u00e9dios p\u00fablicos do munic\u00edpio de Meridiano. Nossa equipe entrou em contato com a prefeitura para coletar mais informa\u00e7\u00f5es sobre estas adequa\u00e7\u00f5es, entre os pr\u00e9dios p\u00fablicos est\u00e3o: EMEIF Aneice Garcia, EMEI Dolores Maria Torrente EMEF Professora [&hellip;]<\/p>\n","protected":false},"author":1,"featured_media":1699,"comment_status":"closed","ping_status":"closed","sticky":false,"template":"","format":"standard","meta":{"footnotes":""},"categories":[3,6],"tags":[],"_links":{"self":[{"href":"https:\/\/www.merionline.com.br\/noticias\/wp-json\/wp\/v2\/posts\/1698"}],"collection":[{"href":"https:\/\/www.merionline.com.br\/noticias\/wp-json\/wp\/v2\/posts"}],"about":[{"href":"https:\/\/www.merionline.com.br\/noticias\/wp-json\/wp\/v2\/types\/post"}],"author":[{"embeddable":true,"href":"https:\/\/www.merionline.com.br\/noticias\/wp-json\/wp\/v2\/users\/1"}],"replies":[{"embeddable":true,"href":"https:\/\/www.merionline.com.br\/noticias\/wp-json\/wp\/v2\/comments?post=1698"}],"version-history":[{"count":3,"href":"https:\/\/www.merionline.com.br\/noticias\/wp-json\/wp\/v2\/posts\/1698\/revisions"}],"predecessor-version":[{"id":1703,"href":"https:\/\/www.merionline.com.br\/noticias\/wp-json\/wp\/v2\/posts\/1698\/revisions\/1703"}],"wp:featuredmedia":[{"embeddable":true,"href":"https:\/\/www.merionline.com.br\/noticias\/wp-json\/wp\/v2\/media\/1699"}],"wp:attachment":[{"href":"https:\/\/www.merionline.com.br\/noticias\/wp-json\/wp\/v2\/media?parent=1698"}],"wp:term":[{"taxonomy":"category","embeddable":true,"href":"https:\/\/www.merionline.com.br\/noticias\/wp-json\/wp\/v2\/categories?post=1698"},{"taxonomy":"post_tag","embeddable":true,"href":"https:\/\/www.merionline.com.br\/noticias\/wp-json\/wp\/v2\/tags?post=1698"}],"curies":[{"name":"wp","href":"https:\/\/api.w.org\/{rel}","templated":true}]}}