{"id":1721,"date":"2024-09-17T16:34:15","date_gmt":"2024-09-17T19:34:15","guid":{"rendered":"https:\/\/www.merionline.com.br\/noticias\/?p=1721"},"modified":"2024-09-17T16:42:38","modified_gmt":"2024-09-17T19:42:38","slug":"denuncia-feita-contra-o-prefeito-rapinha-e-arquivada-pelo-mp","status":"publish","type":"post","link":"https:\/\/www.merionline.com.br\/noticias\/denuncia-feita-contra-o-prefeito-rapinha-e-arquivada-pelo-mp\/","title":{"rendered":"DENUNCIA FEITA CONTRA O PREFEITO RAPINHA \u00c9 ARQUIVADA PELO MP"},"content":{"rendered":"<p>Recentemente, uma denuncia an\u00f4nima foi enviada ao Minist\u00e9rio P\u00fablico alegando que o atual Prefeito de Meridiano, F\u00e1bio Paschoalinoto, Realizou contrata\u00e7\u00f5es tempor\u00e1rias por meio de processo seletivo de forma irregular.<\/p>\n<p>A denuncia pediu a cassa\u00e7\u00e3o do registro de candidatura do Prefeito. Ap\u00f3s analizar o contexto dos fatos, o Promotor Eleitoral Dr. Eduardo Martins Boiati entendeu que o Prefeito n\u00e3o cometeu qualquer irregularidade, e que as contrata\u00e7\u00f5es est\u00e3o devidamente amparadas pelo artigo 73, V, &#8220;d&#8221; da Lei Eleitora.<\/p>\n<p><strong>Entenda o caso<\/strong><\/p>\n<p>Devido as elei\u00e7\u00f5es municipais de 2024, alguns funcion\u00e1rios p\u00fablicos tiveram que se afastar para se candidatar, por\u00e9m, o quadro de funcion\u00e1rios ficou reduzido ainda mais, com isso houve a necessidade de uma contrata\u00e7\u00e3o tempor\u00e1ria para suprir as demandas dos setores.<\/p>\n<p>Sabendo disso, uma denuncia an\u00f4nima foi feita ao MP pedindo a cassa\u00e7\u00e3o do registro de candidatura do candidato a reelei\u00e7\u00e3o F\u00e1bio Paschoalinoto. O promotor arquivou a denuncia na data de hoje (17\/09\/2024), caso encerrado.<\/p>\n<p><img loading=\"lazy\" decoding=\"async\" class=\"aligncenter wp-image-1722\" src=\"https:\/\/www.merionline.com.br\/noticias\/wp-content\/uploads\/2024\/09\/WhatsApp-Image-2024-09-17-at-16.33.00-1024x768.jpeg\" alt=\"\" width=\"309\" height=\"232\" srcset=\"https:\/\/www.merionline.com.br\/noticias\/wp-content\/uploads\/2024\/09\/WhatsApp-Image-2024-09-17-at-16.33.00-1024x768.jpeg 1024w, https:\/\/www.merionline.com.br\/noticias\/wp-content\/uploads\/2024\/09\/WhatsApp-Image-2024-09-17-at-16.33.00-300x225.jpeg 300w, https:\/\/www.merionline.com.br\/noticias\/wp-content\/uploads\/2024\/09\/WhatsApp-Image-2024-09-17-at-16.33.00-768x576.jpeg 768w, https:\/\/www.merionline.com.br\/noticias\/wp-content\/uploads\/2024\/09\/WhatsApp-Image-2024-09-17-at-16.33.00-1536x1152.jpeg 1536w, https:\/\/www.merionline.com.br\/noticias\/wp-content\/uploads\/2024\/09\/WhatsApp-Image-2024-09-17-at-16.33.00-86x64.jpeg 86w, https:\/\/www.merionline.com.br\/noticias\/wp-content\/uploads\/2024\/09\/WhatsApp-Image-2024-09-17-at-16.33.00.jpeg 1600w\" sizes=\"(max-width: 309px) 100vw, 309px\" \/><\/p>\n<p>Por: Paulo Rog\u00e9rio<\/p>\n","protected":false},"excerpt":{"rendered":"<p>Recentemente, uma denuncia an\u00f4nima foi enviada ao Minist\u00e9rio P\u00fablico alegando que o atual Prefeito de Meridiano, F\u00e1bio Paschoalinoto, Realizou contrata\u00e7\u00f5es tempor\u00e1rias por meio de processo seletivo de forma irregular. A denuncia pediu a cassa\u00e7\u00e3o do registro de candidatura do Prefeito. Ap\u00f3s analizar o contexto dos fatos, o Promotor Eleitoral Dr. Eduardo Martins Boiati entendeu que [&hellip;]<\/p>\n","protected":false},"author":1,"featured_media":1722,"comment_status":"closed","ping_status":"closed","sticky":false,"template":"","format":"standard","meta":{"footnotes":""},"categories":[3,6],"tags":[],"_links":{"self":[{"href":"https:\/\/www.merionline.com.br\/noticias\/wp-json\/wp\/v2\/posts\/1721"}],"collection":[{"href":"https:\/\/www.merionline.com.br\/noticias\/wp-json\/wp\/v2\/posts"}],"about":[{"href":"https:\/\/www.merionline.com.br\/noticias\/wp-json\/wp\/v2\/types\/post"}],"author":[{"embeddable":true,"href":"https:\/\/www.merionline.com.br\/noticias\/wp-json\/wp\/v2\/users\/1"}],"replies":[{"embeddable":true,"href":"https:\/\/www.merionline.com.br\/noticias\/wp-json\/wp\/v2\/comments?post=1721"}],"version-history":[{"count":2,"href":"https:\/\/www.merionline.com.br\/noticias\/wp-json\/wp\/v2\/posts\/1721\/revisions"}],"predecessor-version":[{"id":1725,"href":"https:\/\/www.merionline.com.br\/noticias\/wp-json\/wp\/v2\/posts\/1721\/revisions\/1725"}],"wp:featuredmedia":[{"embeddable":true,"href":"https:\/\/www.merionline.com.br\/noticias\/wp-json\/wp\/v2\/media\/1722"}],"wp:attachment":[{"href":"https:\/\/www.merionline.com.br\/noticias\/wp-json\/wp\/v2\/media?parent=1721"}],"wp:term":[{"taxonomy":"category","embeddable":true,"href":"https:\/\/www.merionline.com.br\/noticias\/wp-json\/wp\/v2\/categories?post=1721"},{"taxonomy":"post_tag","embeddable":true,"href":"https:\/\/www.merionline.com.br\/noticias\/wp-json\/wp\/v2\/tags?post=1721"}],"curies":[{"name":"wp","href":"https:\/\/api.w.org\/{rel}","templated":true}]}}