{"id":182,"date":"2014-01-28T18:07:04","date_gmt":"2014-01-28T20:07:04","guid":{"rendered":"http:\/\/www.merionline.com.br\/noticias\/?p=182"},"modified":"2014-02-04T23:13:09","modified_gmt":"2014-02-05T01:13:09","slug":"novo-horario-de-funcionamento-do-cartorio-de-meridiano","status":"publish","type":"post","link":"https:\/\/www.merionline.com.br\/noticias\/novo-horario-de-funcionamento-do-cartorio-de-meridiano\/","title":{"rendered":"Novo hor\u00e1rio de funcionamento do Cart\u00f3rio de Meridiano"},"content":{"rendered":"<p>COMUNICADO AO P\u00daBLICO<\/p>\n<p>O Servi\u00e7o de Registro Civil das Pessoas Naturais e Tabeli\u00e3o de Notas de Meridiano, funcionar\u00e1 das 09:00h \u00e0s 12:30h e das 13:30h \u00e0s 16:00h, de segunda \u00e0 sexta-feira.S\u00e1bados, domingos e feriados pelo sistema de plant\u00e3o.<\/p>\n<p>Atenciosamente: Cart\u00f3rio de Meridiano<\/p>\n","protected":false},"excerpt":{"rendered":"<p>COMUNICADO AO P\u00daBLICO O Servi\u00e7o de Registro Civil das Pessoas Naturais e Tabeli\u00e3o de Notas de Meridiano, funcionar\u00e1 das 09:00h \u00e0s 12:30h e das 13:30h \u00e0s 16:00h, de segunda \u00e0 sexta-feira.S\u00e1bados, domingos e feriados pelo sistema de plant\u00e3o. Atenciosamente: Cart\u00f3rio de Meridiano<\/p>\n","protected":false},"author":1,"featured_media":179,"comment_status":"open","ping_status":"open","sticky":false,"template":"","format":"standard","meta":{"footnotes":""},"categories":[3],"tags":[],"_links":{"self":[{"href":"https:\/\/www.merionline.com.br\/noticias\/wp-json\/wp\/v2\/posts\/182"}],"collection":[{"href":"https:\/\/www.merionline.com.br\/noticias\/wp-json\/wp\/v2\/posts"}],"about":[{"href":"https:\/\/www.merionline.com.br\/noticias\/wp-json\/wp\/v2\/types\/post"}],"author":[{"embeddable":true,"href":"https:\/\/www.merionline.com.br\/noticias\/wp-json\/wp\/v2\/users\/1"}],"replies":[{"embeddable":true,"href":"https:\/\/www.merionline.com.br\/noticias\/wp-json\/wp\/v2\/comments?post=182"}],"version-history":[{"count":2,"href":"https:\/\/www.merionline.com.br\/noticias\/wp-json\/wp\/v2\/posts\/182\/revisions"}],"predecessor-version":[{"id":184,"href":"https:\/\/www.merionline.com.br\/noticias\/wp-json\/wp\/v2\/posts\/182\/revisions\/184"}],"wp:featuredmedia":[{"embeddable":true,"href":"https:\/\/www.merionline.com.br\/noticias\/wp-json\/wp\/v2\/media\/179"}],"wp:attachment":[{"href":"https:\/\/www.merionline.com.br\/noticias\/wp-json\/wp\/v2\/media?parent=182"}],"wp:term":[{"taxonomy":"category","embeddable":true,"href":"https:\/\/www.merionline.com.br\/noticias\/wp-json\/wp\/v2\/categories?post=182"},{"taxonomy":"post_tag","embeddable":true,"href":"https:\/\/www.merionline.com.br\/noticias\/wp-json\/wp\/v2\/tags?post=182"}],"curies":[{"name":"wp","href":"https:\/\/api.w.org\/{rel}","templated":true}]}}