{"id":185,"date":"2014-02-03T19:15:10","date_gmt":"2014-02-03T21:15:10","guid":{"rendered":"http:\/\/www.merionline.com.br\/noticias\/?p=185"},"modified":"2014-02-04T23:12:33","modified_gmt":"2014-02-05T01:12:33","slug":"prefeito-aristeu-assina-prorrogacao-do-viva-leite-por-2-anos","status":"publish","type":"post","link":"https:\/\/www.merionline.com.br\/noticias\/prefeito-aristeu-assina-prorrogacao-do-viva-leite-por-2-anos\/","title":{"rendered":"Prefeito Aristeu assina prorroga\u00e7\u00e3o do Viva Leite por 2 anos"},"content":{"rendered":"<p>O prefeito Aristeu esteve nesta quinta-feira na Secretaria de Desenvolvimento Social, em S\u00e3o Paulo, assinando juntamente com o secret\u00e1rio adjunto daquela pasta, Sr. Henrique Almirates, a prorroga\u00e7\u00e3o do programa VIVA-LEITE, por mais dois anos.<\/p>\n<p>O Viva-leite \u00e9 um projeto social\u00a0de distribui\u00e7\u00e3o gratuita de leite fluido, pasteurizado, com teor de gordura m\u00ednimo de 3%, enriquecido com ferro\u00a0 e Vitaminas A e D, com objetivo de oferecer um complemento alimentar seguro e de alto valor nutritivo \u00e0s pessoas de baixa renda, al\u00e9m de gerar de forma indireta, novos empregos no campo, que fornece 15 litros de leite por m\u00eas por benefici\u00e1rio inscrito, sendo que cada fam\u00edlia pode cadastrar at\u00e9 2 crian\u00e7as.<\/p>\n<p>S\u00e3o\u00a0mais de 585\u00a0mil crian\u00e7as beneficiadas, que para o cadastramento junto ao setor de Assist\u00eancia Social, dever\u00e3o apresentar:<\/p>\n<p><em><em>&#8211;\u00a0<\/em>Identifica\u00e7\u00e3o do respons\u00e1vel legal da crian\u00e7a (RG).<\/em><\/p>\n<p>&#8211; Carteira de vacina\u00e7\u00e3o da crian\u00e7a<br \/>\n&#8211; Certid\u00e3o de nascimento da crian\u00e7a<br \/>\n&#8211; Comprovante de renda familiar ou, se necess\u00e1rio, comprovante da condi\u00e7\u00e3o de desemprego ou de ser m\u00e3e arrimo de fam\u00edlia.<\/p>\n<p><strong><\/strong>Crian\u00e7as de 6 meses a 6 anos e 11 meses de idade, pertencentes a fam\u00edlias com renda mensal de at\u00e9 dois sal\u00e1rios m\u00ednimos.<\/p>\n<p><em>Para continuar a receber o leite enriquecido, a m\u00e3e\/respons\u00e1vel deve assumir alguns compromissos como:<\/em><\/p>\n<p>&#8211; Manter a vacina\u00e7\u00e3o da crian\u00e7a em dia.<br \/>\n&#8211; Buscar o leite na data e hor\u00e1rios combinados.<br \/>\n&#8211; Comparecer \u00e0s palestras informativas sempre que forem agendadas.<br \/>\n&#8211; Levar a crian\u00e7a benefici\u00e1ria\u00a0para pesar e medir a cada quatro meses.<br \/>\n&#8211; Assinar a ficha de controle de recebimento do leite.<br \/>\n&#8211; N\u00e3o faltar \u00e0 entrega do leite por mais de tr\u00eas vezes consecutivas sem justificativa.<\/p>\n","protected":false},"excerpt":{"rendered":"<p>O prefeito Aristeu esteve nesta quinta-feira na Secretaria de Desenvolvimento Social, em S\u00e3o Paulo, assinando juntamente com o secret\u00e1rio adjunto daquela pasta, Sr. Henrique Almirates, a prorroga\u00e7\u00e3o do programa VIVA-LEITE, por mais dois anos. O Viva-leite \u00e9 um projeto social\u00a0de distribui\u00e7\u00e3o gratuita de leite fluido, pasteurizado, com teor de gordura m\u00ednimo de 3%, enriquecido com [&hellip;]<\/p>\n","protected":false},"author":1,"featured_media":186,"comment_status":"open","ping_status":"open","sticky":false,"template":"","format":"standard","meta":{"footnotes":""},"categories":[3,6],"tags":[],"_links":{"self":[{"href":"https:\/\/www.merionline.com.br\/noticias\/wp-json\/wp\/v2\/posts\/185"}],"collection":[{"href":"https:\/\/www.merionline.com.br\/noticias\/wp-json\/wp\/v2\/posts"}],"about":[{"href":"https:\/\/www.merionline.com.br\/noticias\/wp-json\/wp\/v2\/types\/post"}],"author":[{"embeddable":true,"href":"https:\/\/www.merionline.com.br\/noticias\/wp-json\/wp\/v2\/users\/1"}],"replies":[{"embeddable":true,"href":"https:\/\/www.merionline.com.br\/noticias\/wp-json\/wp\/v2\/comments?post=185"}],"version-history":[{"count":1,"href":"https:\/\/www.merionline.com.br\/noticias\/wp-json\/wp\/v2\/posts\/185\/revisions"}],"predecessor-version":[{"id":187,"href":"https:\/\/www.merionline.com.br\/noticias\/wp-json\/wp\/v2\/posts\/185\/revisions\/187"}],"wp:featuredmedia":[{"embeddable":true,"href":"https:\/\/www.merionline.com.br\/noticias\/wp-json\/wp\/v2\/media\/186"}],"wp:attachment":[{"href":"https:\/\/www.merionline.com.br\/noticias\/wp-json\/wp\/v2\/media?parent=185"}],"wp:term":[{"taxonomy":"category","embeddable":true,"href":"https:\/\/www.merionline.com.br\/noticias\/wp-json\/wp\/v2\/categories?post=185"},{"taxonomy":"post_tag","embeddable":true,"href":"https:\/\/www.merionline.com.br\/noticias\/wp-json\/wp\/v2\/tags?post=185"}],"curies":[{"name":"wp","href":"https:\/\/api.w.org\/{rel}","templated":true}]}}