{"id":188,"date":"2014-02-04T10:00:23","date_gmt":"2014-02-04T12:00:23","guid":{"rendered":"http:\/\/www.merionline.com.br\/noticias\/?p=188"},"modified":"2014-02-04T23:12:12","modified_gmt":"2014-02-05T01:12:12","slug":"ate-vereador-de-oposicao-elogia-a-administracao-de-aristeu-baldin","status":"publish","type":"post","link":"https:\/\/www.merionline.com.br\/noticias\/ate-vereador-de-oposicao-elogia-a-administracao-de-aristeu-baldin\/","title":{"rendered":"At\u00e9 vereador de oposi\u00e7\u00e3o elogia a administra\u00e7\u00e3o de Aristeu Baldin"},"content":{"rendered":"<p><span style=\"color: #808080;\"><em>Maicon Fabiano, base oposicionista, n\u00e3o se conteve e fez quest\u00e3o de tecer elogios \u00e0 atual administra\u00e7\u00e3o pelo brilhante trabalho que vem sendo desenvolvido com os idosos\u00a0<\/em><\/span><\/p>\n<p>Na noite de segunda-feira, dia 03, em pronunciamento durante o expediente da C\u00e2mara Municipal de Meridiano, o vereador oposicionista Maicon Fabiano (PDT), congratulou-se com a atual Administra\u00e7\u00e3o em rela\u00e7\u00e3o ao tratamento diferencial e exemplar que os idosos do munic\u00edpio t\u00eam recebido desde o in\u00edcio de 2013.<\/p>\n<p>&#8220;Primeiramente, gostaria de parabenizar o prefeito Aristeu Baldin, e o pessoal do CRAS pelo trabalho realizado com os idosos de Meridiano\u201d, destacou o jovem vereador durante o uso da tribuna.<\/p>\n<p>Os elogios do vereador s\u00e3o de suma relev\u00e2ncia, uma vez que o CCI (Centro de Conviv\u00eancia do Idoso) praticamente triplicou no \u00faltimo ano, gra\u00e7as aos novos projetos da administra\u00e7\u00e3o Aristeu Baldin. Constantemente, dezenas de excurs\u00f5es para v\u00e1rios pontos do Estado s\u00e3o realizadas, priorizando, assim, a qualidade de vida e o bem-estar social da turma da Terceira Idade.<\/p>\n<p>Ainda durante o uso da tribuna, o vereador Maicon fez uma ressalva. \u201cPe\u00e7o mais atua\u00e7\u00e3o com os idosos do Santo Ant\u00f4nio para que tamb\u00e9m possam fazer parte das atividades desenvolvidas. A realiza\u00e7\u00e3o de um levantamento de quantos idosos tem em cada resid\u00eancia no povoado seria muito importante, pois a situa\u00e7\u00e3o ficaria melhor ainda\u201d, disse o vereador que ainda ressaltou: \u201cvolto a dizer, o prefeito (Aristeu) realiza um excelente trabalho\u201d.<\/p>\n<p><iframe loading=\"lazy\" src=\"\/\/www.youtube.com\/embed\/K1dmOnOmIRM?rel=0\" height=\"360\" width=\"640\" allowfullscreen=\"\" frameborder=\"0\"><\/iframe><\/p>\n<p>A pr\u00f3xima sess\u00e3o ordin\u00e1ria da C\u00e2mara Municipal de Meridiano ser\u00e1 realizada no dia 03 de mar\u00e7o.<\/p>\n","protected":false},"excerpt":{"rendered":"<p>Maicon Fabiano, base oposicionista, n\u00e3o se conteve e fez quest\u00e3o de tecer elogios \u00e0 atual administra\u00e7\u00e3o pelo brilhante trabalho que vem sendo desenvolvido com os idosos\u00a0 Na noite de segunda-feira, dia 03, em pronunciamento durante o expediente da C\u00e2mara Municipal de Meridiano, o vereador oposicionista Maicon Fabiano (PDT), congratulou-se com a atual Administra\u00e7\u00e3o em rela\u00e7\u00e3o [&hellip;]<\/p>\n","protected":false},"author":1,"featured_media":189,"comment_status":"closed","ping_status":"closed","sticky":false,"template":"","format":"standard","meta":{"footnotes":""},"categories":[3,6,5],"tags":[],"_links":{"self":[{"href":"https:\/\/www.merionline.com.br\/noticias\/wp-json\/wp\/v2\/posts\/188"}],"collection":[{"href":"https:\/\/www.merionline.com.br\/noticias\/wp-json\/wp\/v2\/posts"}],"about":[{"href":"https:\/\/www.merionline.com.br\/noticias\/wp-json\/wp\/v2\/types\/post"}],"author":[{"embeddable":true,"href":"https:\/\/www.merionline.com.br\/noticias\/wp-json\/wp\/v2\/users\/1"}],"replies":[{"embeddable":true,"href":"https:\/\/www.merionline.com.br\/noticias\/wp-json\/wp\/v2\/comments?post=188"}],"version-history":[{"count":1,"href":"https:\/\/www.merionline.com.br\/noticias\/wp-json\/wp\/v2\/posts\/188\/revisions"}],"predecessor-version":[{"id":190,"href":"https:\/\/www.merionline.com.br\/noticias\/wp-json\/wp\/v2\/posts\/188\/revisions\/190"}],"wp:featuredmedia":[{"embeddable":true,"href":"https:\/\/www.merionline.com.br\/noticias\/wp-json\/wp\/v2\/media\/189"}],"wp:attachment":[{"href":"https:\/\/www.merionline.com.br\/noticias\/wp-json\/wp\/v2\/media?parent=188"}],"wp:term":[{"taxonomy":"category","embeddable":true,"href":"https:\/\/www.merionline.com.br\/noticias\/wp-json\/wp\/v2\/categories?post=188"},{"taxonomy":"post_tag","embeddable":true,"href":"https:\/\/www.merionline.com.br\/noticias\/wp-json\/wp\/v2\/tags?post=188"}],"curies":[{"name":"wp","href":"https:\/\/api.w.org\/{rel}","templated":true}]}}