{"id":191,"date":"2014-02-04T11:24:20","date_gmt":"2014-02-04T13:24:20","guid":{"rendered":"http:\/\/www.merionline.com.br\/noticias\/?p=191"},"modified":"2014-02-06T01:21:53","modified_gmt":"2014-02-06T03:21:53","slug":"posto-de-saude-de-meridiano-estende-horario-de-atendimento-ate-as-21h","status":"publish","type":"post","link":"https:\/\/www.merionline.com.br\/noticias\/posto-de-saude-de-meridiano-estende-horario-de-atendimento-ate-as-21h\/","title":{"rendered":"Posto de Sa\u00fade de Meridiano estende hor\u00e1rio de atendimento at\u00e9 \u00e0s 21h"},"content":{"rendered":"<p><i>Medida beneficiar\u00e1 popula\u00e7\u00e3o que trabalha durante o dia todo e poder\u00e1 cuidar da sa\u00fade \u00e0 noite<\/i><\/p>\n<p>A Prefeitura de Meridiano estendeu para at\u00e9 21h, em fevereiro desse ano, o hor\u00e1rio de atendimento do Posto de Sa\u00fade. O hor\u00e1rio diferenciado de atendimento visa garantir aos trabalhadores \u2013 sobretudo da \u00e1rea rural \u2013 acesso a consultas com cl\u00ednico geral e dentista ap\u00f3s o hor\u00e1rio de trabalho.<\/p>\n<p>Embora, ainda, em car\u00e1ter experimental e sujeito a ajustes, o Posto de Sa\u00fade atender\u00e1 no novo hor\u00e1rio de segunda a sexta-feira. Para a realiza\u00e7\u00e3o de tal feito, foi contratada a m\u00e9dica Dra. Sofia Adelaide Mustafe, profissional experiente, de reconhecida capacidade profissional.<\/p>\n<p>De acordo com o prefeito Aristeu Baldin, que ainda n\u00e3o alardeou o fato, exatamente pelos ajustes que est\u00e3o sendo processados, o que poderia prejudicar a expectativa dos usu\u00e1rios, a medida ser\u00e1 inaugurada oficialmente em breve.<\/p>\n<p>Mesmo assim, a procura foi grande e a satisfa\u00e7\u00e3o das pessoas estava estampada na fisionomia de cada um, no primeiro dia de funcionamento da iniciativa, na segunda-feira, dia 03. A inten\u00e7\u00e3o da administra\u00e7\u00e3o municipal \u00e9 dar \u00e0s pessoas, que n\u00e3o podem sair do trabalho para se consultar em hor\u00e1rio comercial, \u201cmais conforto e comodidade\u201d, viabilizando o acompanhamento m\u00e9dico e a ado\u00e7\u00e3o de cuidados necess\u00e1rios com a sa\u00fade.<\/p>\n<p>A Dra. Sofia Adelaide, al\u00e9m do hor\u00e1rio das 17h \u00e0s 21h, atender\u00e1 tamb\u00e9m das 11h \u00e0s 14h, cujo hor\u00e1rio n\u00e3o contava com m\u00e9dicos e, agora, busca auxiliar os trabalhadores que podem procurar o servi\u00e7o da sa\u00fade municipal no hor\u00e1rio do almo\u00e7o.<\/p>\n<p><iframe loading=\"lazy\" src=\"\/\/www.youtube.com\/embed\/p60T8jFwPXU?rel=0\" height=\"480\" width=\"640\" allowfullscreen=\"\" frameborder=\"0\"><\/iframe><\/p>\n","protected":false},"excerpt":{"rendered":"<p>Medida beneficiar\u00e1 popula\u00e7\u00e3o que trabalha durante o dia todo e poder\u00e1 cuidar da sa\u00fade \u00e0 noite A Prefeitura de Meridiano estendeu para at\u00e9 21h, em fevereiro desse ano, o hor\u00e1rio de atendimento do Posto de Sa\u00fade. O hor\u00e1rio diferenciado de atendimento visa garantir aos trabalhadores \u2013 sobretudo da \u00e1rea rural \u2013 acesso a consultas com [&hellip;]<\/p>\n","protected":false},"author":1,"featured_media":192,"comment_status":"closed","ping_status":"closed","sticky":false,"template":"","format":"standard","meta":{"footnotes":""},"categories":[6],"tags":[],"_links":{"self":[{"href":"https:\/\/www.merionline.com.br\/noticias\/wp-json\/wp\/v2\/posts\/191"}],"collection":[{"href":"https:\/\/www.merionline.com.br\/noticias\/wp-json\/wp\/v2\/posts"}],"about":[{"href":"https:\/\/www.merionline.com.br\/noticias\/wp-json\/wp\/v2\/types\/post"}],"author":[{"embeddable":true,"href":"https:\/\/www.merionline.com.br\/noticias\/wp-json\/wp\/v2\/users\/1"}],"replies":[{"embeddable":true,"href":"https:\/\/www.merionline.com.br\/noticias\/wp-json\/wp\/v2\/comments?post=191"}],"version-history":[{"count":2,"href":"https:\/\/www.merionline.com.br\/noticias\/wp-json\/wp\/v2\/posts\/191\/revisions"}],"predecessor-version":[{"id":219,"href":"https:\/\/www.merionline.com.br\/noticias\/wp-json\/wp\/v2\/posts\/191\/revisions\/219"}],"wp:featuredmedia":[{"embeddable":true,"href":"https:\/\/www.merionline.com.br\/noticias\/wp-json\/wp\/v2\/media\/192"}],"wp:attachment":[{"href":"https:\/\/www.merionline.com.br\/noticias\/wp-json\/wp\/v2\/media?parent=191"}],"wp:term":[{"taxonomy":"category","embeddable":true,"href":"https:\/\/www.merionline.com.br\/noticias\/wp-json\/wp\/v2\/categories?post=191"},{"taxonomy":"post_tag","embeddable":true,"href":"https:\/\/www.merionline.com.br\/noticias\/wp-json\/wp\/v2\/tags?post=191"}],"curies":[{"name":"wp","href":"https:\/\/api.w.org\/{rel}","templated":true}]}}