{"id":194,"date":"2014-02-04T22:55:52","date_gmt":"2014-02-05T00:55:52","guid":{"rendered":"http:\/\/www.merionline.com.br\/noticias\/?p=194"},"modified":"2014-02-04T23:10:35","modified_gmt":"2014-02-05T01:10:35","slug":"prefeitura-de-meridiano-repassa-valor-mensal-a-santa-casa-de-votuporanga","status":"publish","type":"post","link":"https:\/\/www.merionline.com.br\/noticias\/prefeitura-de-meridiano-repassa-valor-mensal-a-santa-casa-de-votuporanga\/","title":{"rendered":"Prefeitura de Meridiano repassa valor mensal \u00e0 Santa Casa de Votuporanga"},"content":{"rendered":"<p><i>Repasse ser\u00e1 para ajudar os custeios de procedimentos hospitalares<\/i><i>\u00a0<\/i><\/p>\n<p>Tratada como prioridade de governo, a sa\u00fade tem merecido especial aten\u00e7\u00e3o da administra\u00e7\u00e3o Aristeu Baldin, que tem apoiado todas as entidades prestadoras de servi\u00e7os de sa\u00fade p\u00fablica na regi\u00e3o.<\/p>\n<p>Em 2014, a Prefeitura de Meridiano far\u00e1 um repasse mensal de R$ 2.500,00 \u00e0 Santa Casa de Votuporanga, que atende todo o munic\u00edpio, inclusive a zona rural. O valor do repasse ser\u00e1 para ajudar o pagamento de procedimentos hospitalares.<\/p>\n<p>Em 2012, o repasse era de R$ 400,00. J\u00e1 em 2013, com a atual administra\u00e7\u00e3o o valor subiu para R$ 1 mil.<\/p>\n<p>\u201cCom essa medida iremos ajudar uma grande institui\u00e7\u00e3o de sa\u00fade da nossa regi\u00e3o e assim proporcionar melhor atendimento \u00e0 nossa popula\u00e7\u00e3o que constantemente usufrui os servi\u00e7os de sa\u00fade em Votuporanga\u201d, comemorou Aristeu Baldin.<\/p>\n<p>O prefeito de Meridiano destaca ainda que sua atua\u00e7\u00e3o tem sido transparente e no sentido de apoiar as entidades prestadoras de servi\u00e7os de sa\u00fade p\u00fablica e continuar\u00e1 atuando para melhorar a estrutura da Santa Casa de Votuporanga, fortalecendo a entidade para se consolidar ainda mais como refer\u00eancia regional.<\/p>\n<p>O valor do repasse n\u00e3o \u00e9 apenas para o \u201c atendimento mensal \u201c, o valor do repasse acumula caso n\u00e3o seja utilizado naquele determinado m\u00eas. Podendo ser usado futuramente com outros pacientes. Outro detalhe importante \u00e9 o valor da tabela dos servi\u00e7os do hospital, \u00e9 bem inferior do que se cobra no dia a dia do hospital.<\/p>\n","protected":false},"excerpt":{"rendered":"<p>Repasse ser\u00e1 para ajudar os custeios de procedimentos hospitalares\u00a0 Tratada como prioridade de governo, a sa\u00fade tem merecido especial aten\u00e7\u00e3o da administra\u00e7\u00e3o Aristeu Baldin, que tem apoiado todas as entidades prestadoras de servi\u00e7os de sa\u00fade p\u00fablica na regi\u00e3o. Em 2014, a Prefeitura de Meridiano far\u00e1 um repasse mensal de R$ 2.500,00 \u00e0 Santa Casa de [&hellip;]<\/p>\n","protected":false},"author":1,"featured_media":195,"comment_status":"closed","ping_status":"closed","sticky":false,"template":"","format":"standard","meta":{"footnotes":""},"categories":[3],"tags":[],"_links":{"self":[{"href":"https:\/\/www.merionline.com.br\/noticias\/wp-json\/wp\/v2\/posts\/194"}],"collection":[{"href":"https:\/\/www.merionline.com.br\/noticias\/wp-json\/wp\/v2\/posts"}],"about":[{"href":"https:\/\/www.merionline.com.br\/noticias\/wp-json\/wp\/v2\/types\/post"}],"author":[{"embeddable":true,"href":"https:\/\/www.merionline.com.br\/noticias\/wp-json\/wp\/v2\/users\/1"}],"replies":[{"embeddable":true,"href":"https:\/\/www.merionline.com.br\/noticias\/wp-json\/wp\/v2\/comments?post=194"}],"version-history":[{"count":1,"href":"https:\/\/www.merionline.com.br\/noticias\/wp-json\/wp\/v2\/posts\/194\/revisions"}],"predecessor-version":[{"id":196,"href":"https:\/\/www.merionline.com.br\/noticias\/wp-json\/wp\/v2\/posts\/194\/revisions\/196"}],"wp:featuredmedia":[{"embeddable":true,"href":"https:\/\/www.merionline.com.br\/noticias\/wp-json\/wp\/v2\/media\/195"}],"wp:attachment":[{"href":"https:\/\/www.merionline.com.br\/noticias\/wp-json\/wp\/v2\/media?parent=194"}],"wp:term":[{"taxonomy":"category","embeddable":true,"href":"https:\/\/www.merionline.com.br\/noticias\/wp-json\/wp\/v2\/categories?post=194"},{"taxonomy":"post_tag","embeddable":true,"href":"https:\/\/www.merionline.com.br\/noticias\/wp-json\/wp\/v2\/tags?post=194"}],"curies":[{"name":"wp","href":"https:\/\/api.w.org\/{rel}","templated":true}]}}